{"id":6771,"date":"2022-11-02T15:43:33","date_gmt":"2022-11-02T18:43:33","guid":{"rendered":"https:\/\/prodelcobre.cl\/nueva\/?p=6771"},"modified":"2022-11-02T15:43:34","modified_gmt":"2022-11-02T18:43:34","slug":"ivan-arriagada-sera-el-primer-latinoamericano-en-encabezar-el-consejo-directivo-de-icmm","status":"publish","type":"post","link":"https:\/\/prodelcobre.cl\/nueva\/ivan-arriagada-sera-el-primer-latinoamericano-en-encabezar-el-consejo-directivo-de-icmm\/","title":{"rendered":"Iv\u00e1n Arriagada ser\u00e1 el primer latinoamericano en encabezar el consejo directivo de ICMM"},"content":{"rendered":"\n<h2 class=\"wp-block-heading\">El presidente ejecutivo de Antofagasta Minerals fue elegido de forma un\u00e1nime para encabezar el Consejo Internacional de Miner\u00eda y Metales.<\/h2>\n\n\n\n<p class=\"has-medium-font-size\">Ivan Arriagada se convertir\u00e1 en el primer latinoamericano en encabezar el consejo directivo del ICMM, luego de que las 26 empresas que conforman la organizaci\u00f3n lo eligieran de manera un\u00e1nime en una reuni\u00f3n realizada en Londres, seg\u00fan indic\u00f3 en una nota de prensa Antofagasta Minerals.<\/p>\n\n\n\n<p class=\"has-medium-font-size\">Con una larga trayectoria en la industria minera y de combustibles, Iv\u00e1n Arriagada reemplazar\u00e1 a Richard Adkerson, CEO de Freeport-McMoRan, en la labor de encabezar los esfuerzos de esta organizaci\u00f3n para lograr la colaboraci\u00f3n entre las distintas compa\u00f1\u00edas con el objetivo de aumentar la contribuci\u00f3n de la miner\u00eda y los metales al desarrollo sostenible, con la visi\u00f3n de un mundo seguro, justo y sustentable.<\/p>\n\n\n\n<p class=\"has-medium-font-size\">Arriagada celebr\u00f3 el nombramiento y expres\u00f3: \u201cespero impulsar el desarrollo de una miner\u00eda sustentable que contribuya al desarrollo econ\u00f3mico y social, al mismo tiempo de seguir avanzando en el desempe\u00f1o ambiental, comunitario y de seguridad y salud de la industria minera. Como sector tenemos la responsabilidad de producir de forma sostenible metales que son indispensables para un futuro mejor, que permita el desarrollo econ\u00f3mico y social de muchos pa\u00edses, comunidades y personas\u201d.<\/p>\n","protected":false},"excerpt":{"rendered":"<p>El presidente ejecutivo de Antofagasta Minerals fue elegido de forma un\u00e1nime para encabezar el Consejo Internacional de Miner\u00eda<\/p>\n","protected":false},"author":3,"featured_media":6566,"comment_status":"closed","ping_status":"closed","sticky":false,"template":"","format":"standard","meta":{"footnotes":""},"categories":[51,57,52],"tags":[261],"class_list":["post-6771","post","type-post","status-publish","format-standard","has-post-thumbnail","hentry","category-chile","category-internacional","category-noticias","tag-antofagastaminerals"],"rttpg_featured_image_url":{"full":["https:\/\/prodelcobre.cl\/nueva\/wp-content\/uploads\/2022\/09\/ivan-arriagada.jpg",820,538,false],"landscape":["https:\/\/prodelcobre.cl\/nueva\/wp-content\/uploads\/2022\/09\/ivan-arriagada.jpg",820,538,false],"portraits":["https:\/\/prodelcobre.cl\/nueva\/wp-content\/uploads\/2022\/09\/ivan-arriagada.jpg",820,538,false],"thumbnail":["https:\/\/prodelcobre.cl\/nueva\/wp-content\/uploads\/2022\/09\/ivan-arriagada-150x150.jpg",150,150,true],"medium":["https:\/\/prodelcobre.cl\/nueva\/wp-content\/uploads\/2022\/09\/ivan-arriagada.jpg",820,538,false],"large":["https:\/\/prodelcobre.cl\/nueva\/wp-content\/uploads\/2022\/09\/ivan-arriagada.jpg",820,538,false],"1536x1536":["https:\/\/prodelcobre.cl\/nueva\/wp-content\/uploads\/2022\/09\/ivan-arriagada.jpg",820,538,false],"2048x2048":["https:\/\/prodelcobre.cl\/nueva\/wp-content\/uploads\/2022\/09\/ivan-arriagada.jpg",820,538,false],"morenews-featured":["https:\/\/prodelcobre.cl\/nueva\/wp-content\/uploads\/2022\/09\/ivan-arriagada.jpg",820,538,false],"morenews-large":["https:\/\/prodelcobre.cl\/nueva\/wp-content\/uploads\/2022\/09\/ivan-arriagada.jpg",820,538,false],"morenews-medium":["https:\/\/prodelcobre.cl\/nueva\/wp-content\/uploads\/2022\/09\/ivan-arriagada.jpg",590,387,false],"psacp-medium":["https:\/\/prodelcobre.cl\/nueva\/wp-content\/uploads\/2022\/09\/ivan-arriagada.jpg",500,328,false]},"rttpg_author":{"display_name":"Francisco P\u00e9rez Alvi\u00e1rez","author_link":"https:\/\/prodelcobre.cl\/nueva\/author\/fperez\/"},"rttpg_comment":0,"rttpg_category":"<a href=\"https:\/\/prodelcobre.cl\/nueva\/category\/chile\/\" rel=\"category tag\">Chile<\/a> <a href=\"https:\/\/prodelcobre.cl\/nueva\/category\/internacional\/\" rel=\"category tag\">Internacional<\/a> <a href=\"https:\/\/prodelcobre.cl\/nueva\/category\/noticias\/\" rel=\"category tag\">Noticias<\/a>","rttpg_excerpt":"El presidente ejecutivo de Antofagasta Minerals fue elegido de forma un\u00e1nime para encabezar el Consejo Internacional de Miner\u00eda","_links":{"self":[{"href":"https:\/\/prodelcobre.cl\/nueva\/wp-json\/wp\/v2\/posts\/6771","targetHints":{"allow":["GET"]}}],"collection":[{"href":"https:\/\/prodelcobre.cl\/nueva\/wp-json\/wp\/v2\/posts"}],"about":[{"href":"https:\/\/prodelcobre.cl\/nueva\/wp-json\/wp\/v2\/types\/post"}],"author":[{"embeddable":true,"href":"https:\/\/prodelcobre.cl\/nueva\/wp-json\/wp\/v2\/users\/3"}],"replies":[{"embeddable":true,"href":"https:\/\/prodelcobre.cl\/nueva\/wp-json\/wp\/v2\/comments?post=6771"}],"version-history":[{"count":1,"href":"https:\/\/prodelcobre.cl\/nueva\/wp-json\/wp\/v2\/posts\/6771\/revisions"}],"predecessor-version":[{"id":6772,"href":"https:\/\/prodelcobre.cl\/nueva\/wp-json\/wp\/v2\/posts\/6771\/revisions\/6772"}],"wp:featuredmedia":[{"embeddable":true,"href":"https:\/\/prodelcobre.cl\/nueva\/wp-json\/wp\/v2\/media\/6566"}],"wp:attachment":[{"href":"https:\/\/prodelcobre.cl\/nueva\/wp-json\/wp\/v2\/media?parent=6771"}],"wp:term":[{"taxonomy":"category","embeddable":true,"href":"https:\/\/prodelcobre.cl\/nueva\/wp-json\/wp\/v2\/categories?post=6771"},{"taxonomy":"post_tag","embeddable":true,"href":"https:\/\/prodelcobre.cl\/nueva\/wp-json\/wp\/v2\/tags?post=6771"}],"curies":[{"name":"wp","href":"https:\/\/api.w.org\/{rel}","templated":true}]}}