{"id":6773,"date":"2022-11-03T09:30:32","date_gmt":"2022-11-03T12:30:32","guid":{"rendered":"https:\/\/prodelcobre.cl\/nueva\/?p=6773"},"modified":"2022-11-03T09:30:34","modified_gmt":"2022-11-03T12:30:34","slug":"colbun-y-weir-minerals-inauguran-planta-de-autogeneracion-fotovoltaica","status":"publish","type":"post","link":"https:\/\/prodelcobre.cl\/nueva\/colbun-y-weir-minerals-inauguran-planta-de-autogeneracion-fotovoltaica\/","title":{"rendered":"Colb\u00fan y Weir Minerals inauguran planta de autogeneraci\u00f3n fotovoltaica"},"content":{"rendered":"\n<h2 class=\"wp-block-heading\">La obra consiste en 140 paneles de generaci\u00f3n fotovoltaica para abastecer parte del consumo energ\u00e9tico de la planta de Weir Minerals.<\/h2>\n\n\n\n<p class=\"has-medium-font-size\">Weir Minerals en conjunto con Colb\u00fan inaugur\u00f3 en su edificio de servicios en la comuna de San Bernardo la nueva planta de generaci\u00f3n fotovolt\u00e1ica para abastecer parte de su consumo energ\u00e9tico permitiendo reemplazar un 20% del consumo anual del edificio.<\/p>\n\n\n\n<p class=\"has-medium-font-size\">Adem\u00e1s de los<strong>&nbsp;140 paneles fotovoltaicos, esta soluci\u00f3n integral incluye un panel de visualizaci\u00f3n y monitoreo en tiempo real de la autogeneraci\u00f3n,<\/strong>&nbsp;permitiendo as\u00ed obtener una inteligencia de operaci\u00f3n en forma permanente. El proyecto fue desarrollado, durante la pandemia, por un equipo multidisciplinario de Weir Minerals y Colb\u00fan Soluciones.<\/p>\n\n\n\n<p class=\"has-medium-font-size\">La energ\u00eda anual generada por los paneles ser\u00e1 de alrededor de<strong>&nbsp;120.000 kWh<\/strong>.<\/p>\n","protected":false},"excerpt":{"rendered":"<p>La obra consiste en 140 paneles de generaci\u00f3n fotovoltaica para abastecer parte del consumo energ\u00e9tico de la planta<\/p>\n","protected":false},"author":3,"featured_media":5548,"comment_status":"closed","ping_status":"closed","sticky":false,"template":"","format":"standard","meta":{"footnotes":""},"categories":[51,59,52],"tags":[237],"class_list":["post-6773","post","type-post","status-publish","format-standard","has-post-thumbnail","hentry","category-chile","category-energia","category-noticias","tag-energia-2"],"rttpg_featured_image_url":{"full":["https:\/\/prodelcobre.cl\/nueva\/wp-content\/uploads\/2022\/05\/panel-solar-freepik.jpg",842,562,false],"landscape":["https:\/\/prodelcobre.cl\/nueva\/wp-content\/uploads\/2022\/05\/panel-solar-freepik.jpg",842,562,false],"portraits":["https:\/\/prodelcobre.cl\/nueva\/wp-content\/uploads\/2022\/05\/panel-solar-freepik.jpg",842,562,false],"thumbnail":["https:\/\/prodelcobre.cl\/nueva\/wp-content\/uploads\/2022\/05\/panel-solar-freepik-150x150.jpg",150,150,true],"medium":["https:\/\/prodelcobre.cl\/nueva\/wp-content\/uploads\/2022\/05\/panel-solar-freepik.jpg",842,562,false],"large":["https:\/\/prodelcobre.cl\/nueva\/wp-content\/uploads\/2022\/05\/panel-solar-freepik.jpg",842,562,false],"1536x1536":["https:\/\/prodelcobre.cl\/nueva\/wp-content\/uploads\/2022\/05\/panel-solar-freepik.jpg",842,562,false],"2048x2048":["https:\/\/prodelcobre.cl\/nueva\/wp-content\/uploads\/2022\/05\/panel-solar-freepik.jpg",842,562,false],"morenews-featured":["https:\/\/prodelcobre.cl\/nueva\/wp-content\/uploads\/2022\/05\/panel-solar-freepik.jpg",842,562,false],"morenews-large":["https:\/\/prodelcobre.cl\/nueva\/wp-content\/uploads\/2022\/05\/panel-solar-freepik.jpg",825,551,false],"morenews-medium":["https:\/\/prodelcobre.cl\/nueva\/wp-content\/uploads\/2022\/05\/panel-solar-freepik.jpg",590,394,false],"psacp-medium":["https:\/\/prodelcobre.cl\/nueva\/wp-content\/uploads\/2022\/05\/panel-solar-freepik.jpg",500,334,false]},"rttpg_author":{"display_name":"Francisco P\u00e9rez Alvi\u00e1rez","author_link":"https:\/\/prodelcobre.cl\/nueva\/author\/fperez\/"},"rttpg_comment":0,"rttpg_category":"<a href=\"https:\/\/prodelcobre.cl\/nueva\/category\/chile\/\" rel=\"category tag\">Chile<\/a> <a href=\"https:\/\/prodelcobre.cl\/nueva\/category\/energia\/\" rel=\"category tag\">Energ\u00eda<\/a> <a href=\"https:\/\/prodelcobre.cl\/nueva\/category\/noticias\/\" rel=\"category tag\">Noticias<\/a>","rttpg_excerpt":"La obra consiste en 140 paneles de generaci\u00f3n fotovoltaica para abastecer parte del consumo energ\u00e9tico de la planta","_links":{"self":[{"href":"https:\/\/prodelcobre.cl\/nueva\/wp-json\/wp\/v2\/posts\/6773","targetHints":{"allow":["GET"]}}],"collection":[{"href":"https:\/\/prodelcobre.cl\/nueva\/wp-json\/wp\/v2\/posts"}],"about":[{"href":"https:\/\/prodelcobre.cl\/nueva\/wp-json\/wp\/v2\/types\/post"}],"author":[{"embeddable":true,"href":"https:\/\/prodelcobre.cl\/nueva\/wp-json\/wp\/v2\/users\/3"}],"replies":[{"embeddable":true,"href":"https:\/\/prodelcobre.cl\/nueva\/wp-json\/wp\/v2\/comments?post=6773"}],"version-history":[{"count":1,"href":"https:\/\/prodelcobre.cl\/nueva\/wp-json\/wp\/v2\/posts\/6773\/revisions"}],"predecessor-version":[{"id":6774,"href":"https:\/\/prodelcobre.cl\/nueva\/wp-json\/wp\/v2\/posts\/6773\/revisions\/6774"}],"wp:featuredmedia":[{"embeddable":true,"href":"https:\/\/prodelcobre.cl\/nueva\/wp-json\/wp\/v2\/media\/5548"}],"wp:attachment":[{"href":"https:\/\/prodelcobre.cl\/nueva\/wp-json\/wp\/v2\/media?parent=6773"}],"wp:term":[{"taxonomy":"category","embeddable":true,"href":"https:\/\/prodelcobre.cl\/nueva\/wp-json\/wp\/v2\/categories?post=6773"},{"taxonomy":"post_tag","embeddable":true,"href":"https:\/\/prodelcobre.cl\/nueva\/wp-json\/wp\/v2\/tags?post=6773"}],"curies":[{"name":"wp","href":"https:\/\/api.w.org\/{rel}","templated":true}]}}