{"id":6817,"date":"2022-11-08T15:55:43","date_gmt":"2022-11-08T18:55:43","guid":{"rendered":"https:\/\/prodelcobre.cl\/nueva\/?p=6817"},"modified":"2022-11-08T15:55:44","modified_gmt":"2022-11-08T18:55:44","slug":"ambas-partes-dieron-paso-a-un-acuerdo-para-avanzar-en-el-programa-de-innovacion-abierta-en-mineria","status":"publish","type":"post","link":"https:\/\/prodelcobre.cl\/nueva\/ambas-partes-dieron-paso-a-un-acuerdo-para-avanzar-en-el-programa-de-innovacion-abierta-en-mineria\/","title":{"rendered":"Ambas partes dieron paso a un acuerdo para avanzar en el programa de innovaci\u00f3n abierta en miner\u00eda."},"content":{"rendered":"\n<h2 class=\"wp-block-heading\"><strong>Ambas partes dieron paso a un acuerdo para avanzar en el programa de innovaci\u00f3n abierta en miner\u00eda.<\/strong><\/h2>\n\n\n\n<p class=\"has-medium-font-size\">El programa de innovaci\u00f3n abierta en miner\u00eda, Expande de Fundaci\u00f3n Chile est\u00e1 impulsando junto a SQM un trabajo para dar respuesta a sus desaf\u00edos mediante nuevas tecnolog\u00edas, implementar soluciones m\u00e1s eficientes y asegurar la continuidad operacional en estrecha colaboraci\u00f3n con el ecosistema de innovaci\u00f3n y emprendimiento.<\/p>\n\n\n\n<p class=\"has-medium-font-size\">El trabajo conjunto de la compa\u00f1\u00eda minera, presente en industrias estrat\u00e9gicas para el desarrollo humano sostenible, contempla el lanzamiento de seis desaf\u00edos al ecosistema, que abordar\u00e1n diversas \u00e1reas de su proceso productivo y tendr\u00e1n foco en: mejorar el rendimiento, calidad y capacidad del proceso productivo del litio.<\/p>\n\n\n\n<p class=\"has-medium-font-size\">Desde SQM destacan que el proceso de innovaci\u00f3n abierta es un aporte en el objetivo de desarrollar productos esenciales para el desarrollo humano, en un marco de acci\u00f3n de altos est\u00e1ndares de calidad, seguridad e integridad.<\/p>\n","protected":false},"excerpt":{"rendered":"<p>Ambas partes dieron paso a un acuerdo para avanzar en el programa de innovaci\u00f3n abierta en miner\u00eda. El<\/p>\n","protected":false},"author":3,"featured_media":4975,"comment_status":"closed","ping_status":"closed","sticky":false,"template":"","format":"standard","meta":{"footnotes":""},"categories":[51,52],"tags":[170],"class_list":["post-6817","post","type-post","status-publish","format-standard","has-post-thumbnail","hentry","category-chile","category-noticias","tag-sqm"],"rttpg_featured_image_url":{"full":["https:\/\/prodelcobre.cl\/nueva\/wp-content\/uploads\/2022\/03\/pataz-mineros_cmh-marsa-tapaboca.png",518,258,false],"landscape":["https:\/\/prodelcobre.cl\/nueva\/wp-content\/uploads\/2022\/03\/pataz-mineros_cmh-marsa-tapaboca.png",518,258,false],"portraits":["https:\/\/prodelcobre.cl\/nueva\/wp-content\/uploads\/2022\/03\/pataz-mineros_cmh-marsa-tapaboca.png",518,258,false],"thumbnail":["https:\/\/prodelcobre.cl\/nueva\/wp-content\/uploads\/2022\/03\/pataz-mineros_cmh-marsa-tapaboca-150x150.png",150,150,true],"medium":["https:\/\/prodelcobre.cl\/nueva\/wp-content\/uploads\/2022\/03\/pataz-mineros_cmh-marsa-tapaboca.png",518,258,false],"large":["https:\/\/prodelcobre.cl\/nueva\/wp-content\/uploads\/2022\/03\/pataz-mineros_cmh-marsa-tapaboca.png",518,258,false],"1536x1536":["https:\/\/prodelcobre.cl\/nueva\/wp-content\/uploads\/2022\/03\/pataz-mineros_cmh-marsa-tapaboca.png",518,258,false],"2048x2048":["https:\/\/prodelcobre.cl\/nueva\/wp-content\/uploads\/2022\/03\/pataz-mineros_cmh-marsa-tapaboca.png",518,258,false],"morenews-featured":["https:\/\/prodelcobre.cl\/nueva\/wp-content\/uploads\/2022\/03\/pataz-mineros_cmh-marsa-tapaboca.png",518,258,false],"morenews-large":["https:\/\/prodelcobre.cl\/nueva\/wp-content\/uploads\/2022\/03\/pataz-mineros_cmh-marsa-tapaboca.png",518,258,false],"morenews-medium":["https:\/\/prodelcobre.cl\/nueva\/wp-content\/uploads\/2022\/03\/pataz-mineros_cmh-marsa-tapaboca.png",518,258,false],"psacp-medium":["https:\/\/prodelcobre.cl\/nueva\/wp-content\/uploads\/2022\/03\/pataz-mineros_cmh-marsa-tapaboca.png",500,249,false]},"rttpg_author":{"display_name":"Francisco P\u00e9rez Alvi\u00e1rez","author_link":"https:\/\/prodelcobre.cl\/nueva\/author\/fperez\/"},"rttpg_comment":0,"rttpg_category":"<a href=\"https:\/\/prodelcobre.cl\/nueva\/category\/chile\/\" rel=\"category tag\">Chile<\/a> <a href=\"https:\/\/prodelcobre.cl\/nueva\/category\/noticias\/\" rel=\"category tag\">Noticias<\/a>","rttpg_excerpt":"Ambas partes dieron paso a un acuerdo para avanzar en el programa de innovaci\u00f3n abierta en miner\u00eda. El","_links":{"self":[{"href":"https:\/\/prodelcobre.cl\/nueva\/wp-json\/wp\/v2\/posts\/6817","targetHints":{"allow":["GET"]}}],"collection":[{"href":"https:\/\/prodelcobre.cl\/nueva\/wp-json\/wp\/v2\/posts"}],"about":[{"href":"https:\/\/prodelcobre.cl\/nueva\/wp-json\/wp\/v2\/types\/post"}],"author":[{"embeddable":true,"href":"https:\/\/prodelcobre.cl\/nueva\/wp-json\/wp\/v2\/users\/3"}],"replies":[{"embeddable":true,"href":"https:\/\/prodelcobre.cl\/nueva\/wp-json\/wp\/v2\/comments?post=6817"}],"version-history":[{"count":1,"href":"https:\/\/prodelcobre.cl\/nueva\/wp-json\/wp\/v2\/posts\/6817\/revisions"}],"predecessor-version":[{"id":6818,"href":"https:\/\/prodelcobre.cl\/nueva\/wp-json\/wp\/v2\/posts\/6817\/revisions\/6818"}],"wp:featuredmedia":[{"embeddable":true,"href":"https:\/\/prodelcobre.cl\/nueva\/wp-json\/wp\/v2\/media\/4975"}],"wp:attachment":[{"href":"https:\/\/prodelcobre.cl\/nueva\/wp-json\/wp\/v2\/media?parent=6817"}],"wp:term":[{"taxonomy":"category","embeddable":true,"href":"https:\/\/prodelcobre.cl\/nueva\/wp-json\/wp\/v2\/categories?post=6817"},{"taxonomy":"post_tag","embeddable":true,"href":"https:\/\/prodelcobre.cl\/nueva\/wp-json\/wp\/v2\/tags?post=6817"}],"curies":[{"name":"wp","href":"https:\/\/api.w.org\/{rel}","templated":true}]}}