{"id":6829,"date":"2022-11-08T17:31:23","date_gmt":"2022-11-08T20:31:23","guid":{"rendered":"https:\/\/prodelcobre.cl\/nueva\/?p=6829"},"modified":"2022-11-08T17:31:25","modified_gmt":"2022-11-08T20:31:25","slug":"camara-de-diputados-mostro-preocupacion-por-jornadas-laborales-mineras","status":"publish","type":"post","link":"https:\/\/prodelcobre.cl\/nueva\/camara-de-diputados-mostro-preocupacion-por-jornadas-laborales-mineras\/","title":{"rendered":"C\u00e1mara de diputados mostr\u00f3 preocupaci\u00f3n por jornadas laborales mineras"},"content":{"rendered":"\n<h2 class=\"wp-block-heading\">La Sala de la C\u00e1mara aprob\u00f3 una resoluci\u00f3n donde expresan su preocupaci\u00f3n por las implicaciones de la faena minera en la vida familiar de los trabajadores.<\/h2>\n\n\n\n<p class=\"has-medium-font-size\">La resoluci\u00f3n de autor\u00eda de los representantes Jaime Mulet&nbsp;(FRVS),&nbsp;Mar\u00eda Candelaria Acevedo&nbsp;(PC),&nbsp;F\u00e9lix Bugue\u00f1o&nbsp;(FRVS),&nbsp;Nathalie Castillo&nbsp;(PC),&nbsp;Luis Alberto Cuello&nbsp;(PC),&nbsp;Andr\u00e9s Giordano&nbsp;(IND),&nbsp;H\u00e9ctor Ulloa&nbsp;(IND),&nbsp;Nelson Venegas&nbsp;(PS) y&nbsp;Boris Barrera&nbsp;(PC), fue aprobada para manifestar inquietud frente a las actividades del sector minero, donde indican que podr\u00eda provocar consecuencias en la vida familiar de los trabajadores. <\/p>\n\n\n\n<p class=\"has-medium-font-size\">La aprobaci\u00f3n con 105 votos a favor, 12 en contra y 17 abstenciones, se dio despu\u00e9s de analizar el texto precisando que las cantidades m\u00e1s altas de trabajadores\/as afectos a distribuci\u00f3n de jornadas excepcionales y bisemanales est\u00e1n en las regiones de Tarapac\u00e1, Antofagasta y Atacama. Esto se explica porque, en esas zonas, las faenas mineras son de las actividades econ\u00f3micas m\u00e1s importantes a nivel regional.<\/p>\n\n\n\n<p class=\"has-medium-font-size\">La&nbsp;resoluci\u00f3n 306&nbsp;detalla que podr\u00edan existir dificultades que generan los sistemas de turno para mantener las relaciones sociales y familiares habituales.<\/p>\n","protected":false},"excerpt":{"rendered":"<p>La Sala de la C\u00e1mara aprob\u00f3 una resoluci\u00f3n donde expresan su preocupaci\u00f3n por las implicaciones de la faena<\/p>\n","protected":false},"author":3,"featured_media":6830,"comment_status":"closed","ping_status":"closed","sticky":false,"template":"","format":"standard","meta":{"footnotes":""},"categories":[51,52],"tags":[328],"class_list":["post-6829","post","type-post","status-publish","format-standard","has-post-thumbnail","hentry","category-chile","category-noticias","tag-trabajadores"],"rttpg_featured_image_url":{"full":["https:\/\/prodelcobre.cl\/nueva\/wp-content\/uploads\/2022\/11\/Camara-de-diputados.jpg",1024,683,false],"landscape":["https:\/\/prodelcobre.cl\/nueva\/wp-content\/uploads\/2022\/11\/Camara-de-diputados.jpg",1024,683,false],"portraits":["https:\/\/prodelcobre.cl\/nueva\/wp-content\/uploads\/2022\/11\/Camara-de-diputados.jpg",1024,683,false],"thumbnail":["https:\/\/prodelcobre.cl\/nueva\/wp-content\/uploads\/2022\/11\/Camara-de-diputados-150x150.jpg",150,150,true],"medium":["https:\/\/prodelcobre.cl\/nueva\/wp-content\/uploads\/2022\/11\/Camara-de-diputados.jpg",1024,683,false],"large":["https:\/\/prodelcobre.cl\/nueva\/wp-content\/uploads\/2022\/11\/Camara-de-diputados.jpg",1024,683,false],"1536x1536":["https:\/\/prodelcobre.cl\/nueva\/wp-content\/uploads\/2022\/11\/Camara-de-diputados.jpg",1024,683,false],"2048x2048":["https:\/\/prodelcobre.cl\/nueva\/wp-content\/uploads\/2022\/11\/Camara-de-diputados.jpg",1024,683,false],"morenews-featured":["https:\/\/prodelcobre.cl\/nueva\/wp-content\/uploads\/2022\/11\/Camara-de-diputados.jpg",1024,683,false],"morenews-large":["https:\/\/prodelcobre.cl\/nueva\/wp-content\/uploads\/2022\/11\/Camara-de-diputados.jpg",825,550,false],"morenews-medium":["https:\/\/prodelcobre.cl\/nueva\/wp-content\/uploads\/2022\/11\/Camara-de-diputados.jpg",590,394,false],"psacp-medium":["https:\/\/prodelcobre.cl\/nueva\/wp-content\/uploads\/2022\/11\/Camara-de-diputados.jpg",500,333,false]},"rttpg_author":{"display_name":"Francisco P\u00e9rez Alvi\u00e1rez","author_link":"https:\/\/prodelcobre.cl\/nueva\/author\/fperez\/"},"rttpg_comment":0,"rttpg_category":"<a href=\"https:\/\/prodelcobre.cl\/nueva\/category\/chile\/\" rel=\"category tag\">Chile<\/a> <a href=\"https:\/\/prodelcobre.cl\/nueva\/category\/noticias\/\" rel=\"category tag\">Noticias<\/a>","rttpg_excerpt":"La Sala de la C\u00e1mara aprob\u00f3 una resoluci\u00f3n donde expresan su preocupaci\u00f3n por las implicaciones de la faena","_links":{"self":[{"href":"https:\/\/prodelcobre.cl\/nueva\/wp-json\/wp\/v2\/posts\/6829","targetHints":{"allow":["GET"]}}],"collection":[{"href":"https:\/\/prodelcobre.cl\/nueva\/wp-json\/wp\/v2\/posts"}],"about":[{"href":"https:\/\/prodelcobre.cl\/nueva\/wp-json\/wp\/v2\/types\/post"}],"author":[{"embeddable":true,"href":"https:\/\/prodelcobre.cl\/nueva\/wp-json\/wp\/v2\/users\/3"}],"replies":[{"embeddable":true,"href":"https:\/\/prodelcobre.cl\/nueva\/wp-json\/wp\/v2\/comments?post=6829"}],"version-history":[{"count":1,"href":"https:\/\/prodelcobre.cl\/nueva\/wp-json\/wp\/v2\/posts\/6829\/revisions"}],"predecessor-version":[{"id":6831,"href":"https:\/\/prodelcobre.cl\/nueva\/wp-json\/wp\/v2\/posts\/6829\/revisions\/6831"}],"wp:featuredmedia":[{"embeddable":true,"href":"https:\/\/prodelcobre.cl\/nueva\/wp-json\/wp\/v2\/media\/6830"}],"wp:attachment":[{"href":"https:\/\/prodelcobre.cl\/nueva\/wp-json\/wp\/v2\/media?parent=6829"}],"wp:term":[{"taxonomy":"category","embeddable":true,"href":"https:\/\/prodelcobre.cl\/nueva\/wp-json\/wp\/v2\/categories?post=6829"},{"taxonomy":"post_tag","embeddable":true,"href":"https:\/\/prodelcobre.cl\/nueva\/wp-json\/wp\/v2\/tags?post=6829"}],"curies":[{"name":"wp","href":"https:\/\/api.w.org\/{rel}","templated":true}]}}