{"id":6832,"date":"2022-11-09T11:51:24","date_gmt":"2022-11-09T14:51:24","guid":{"rendered":"https:\/\/prodelcobre.cl\/nueva\/?p=6832"},"modified":"2022-11-09T11:51:25","modified_gmt":"2022-11-09T14:51:25","slug":"produccion-de-antofagasta-minerals-aumento-40-durante-el-tercer-trimestre-del-ano","status":"publish","type":"post","link":"https:\/\/prodelcobre.cl\/nueva\/produccion-de-antofagasta-minerals-aumento-40-durante-el-tercer-trimestre-del-ano\/","title":{"rendered":"Producci\u00f3n de Antofagasta Minerals aument\u00f3 40% durante el tercer trimestre del a\u00f1o"},"content":{"rendered":"\n<h2 class=\"wp-block-heading\">Diversos factores entre los que resaltan la recuperaci\u00f3n del sistema de transporte concentrado de Los Pelambres, as\u00ed como mayor disponibilidad de agua, y mejores leyes en Centinela, influyeron en el aumento de la producci\u00f3n.<\/h2>\n\n\n\n<p class=\"has-medium-font-size\">Antofagasta Minerals revel\u00f3 en una nota de prensa el aumento formidable de su producci\u00f3n, la que en el tercer trimestre del a\u00f1o alcanz\u00f3 las 450.600 toneladas de cobre fino con un costo neto de caja de US $1,76\/lb y con una proyecci\u00f3n de producir entre 640.000 y 660.000 toneladas de cobre durante todo el a\u00f1o.<\/p>\n\n\n\n<p class=\"has-medium-font-size\">La compa\u00f1\u00eda, tan solo en el periodo que va de&nbsp;<strong>julio a septiembre<\/strong> produjo&nbsp;<strong>181.900 toneladas de cobre<\/strong>, lo que significa un<strong>&nbsp;40% m\u00e1s respecto al trimestre anterior<\/strong>.<\/p>\n\n\n\n<p class=\"has-medium-font-size\">Por otra parte, la empresa indic\u00f3 que la construcci\u00f3n de la planta desalinizadora de Minera Los Pelambres concluir\u00e1 durante el primer semestre del pr\u00f3ximo a\u00f1o, por lo que esperam producir entre 670.000 y 710.000 toneladas de cobre en 2023.<\/p>\n","protected":false},"excerpt":{"rendered":"<p>Diversos factores entre los que resaltan la recuperaci\u00f3n del sistema de transporte concentrado de Los Pelambres, as\u00ed como<\/p>\n","protected":false},"author":3,"featured_media":5821,"comment_status":"closed","ping_status":"closed","sticky":false,"template":"","format":"standard","meta":{"footnotes":""},"categories":[51,52],"tags":[261],"class_list":["post-6832","post","type-post","status-publish","format-standard","has-post-thumbnail","hentry","category-chile","category-noticias","tag-antofagastaminerals"],"rttpg_featured_image_url":{"full":["https:\/\/prodelcobre.cl\/nueva\/wp-content\/uploads\/2022\/07\/antofagastaminerals_nota-850x558-1.jpg",850,558,false],"landscape":["https:\/\/prodelcobre.cl\/nueva\/wp-content\/uploads\/2022\/07\/antofagastaminerals_nota-850x558-1.jpg",850,558,false],"portraits":["https:\/\/prodelcobre.cl\/nueva\/wp-content\/uploads\/2022\/07\/antofagastaminerals_nota-850x558-1.jpg",850,558,false],"thumbnail":["https:\/\/prodelcobre.cl\/nueva\/wp-content\/uploads\/2022\/07\/antofagastaminerals_nota-850x558-1-150x150.jpg",150,150,true],"medium":["https:\/\/prodelcobre.cl\/nueva\/wp-content\/uploads\/2022\/07\/antofagastaminerals_nota-850x558-1.jpg",850,558,false],"large":["https:\/\/prodelcobre.cl\/nueva\/wp-content\/uploads\/2022\/07\/antofagastaminerals_nota-850x558-1.jpg",850,558,false],"1536x1536":["https:\/\/prodelcobre.cl\/nueva\/wp-content\/uploads\/2022\/07\/antofagastaminerals_nota-850x558-1.jpg",850,558,false],"2048x2048":["https:\/\/prodelcobre.cl\/nueva\/wp-content\/uploads\/2022\/07\/antofagastaminerals_nota-850x558-1.jpg",850,558,false],"morenews-featured":["https:\/\/prodelcobre.cl\/nueva\/wp-content\/uploads\/2022\/07\/antofagastaminerals_nota-850x558-1.jpg",850,558,false],"morenews-large":["https:\/\/prodelcobre.cl\/nueva\/wp-content\/uploads\/2022\/07\/antofagastaminerals_nota-850x558-1.jpg",825,542,false],"morenews-medium":["https:\/\/prodelcobre.cl\/nueva\/wp-content\/uploads\/2022\/07\/antofagastaminerals_nota-850x558-1.jpg",590,387,false],"psacp-medium":["https:\/\/prodelcobre.cl\/nueva\/wp-content\/uploads\/2022\/07\/antofagastaminerals_nota-850x558-1.jpg",500,328,false]},"rttpg_author":{"display_name":"Francisco P\u00e9rez Alvi\u00e1rez","author_link":"https:\/\/prodelcobre.cl\/nueva\/author\/fperez\/"},"rttpg_comment":0,"rttpg_category":"<a href=\"https:\/\/prodelcobre.cl\/nueva\/category\/chile\/\" rel=\"category tag\">Chile<\/a> <a href=\"https:\/\/prodelcobre.cl\/nueva\/category\/noticias\/\" rel=\"category tag\">Noticias<\/a>","rttpg_excerpt":"Diversos factores entre los que resaltan la recuperaci\u00f3n del sistema de transporte concentrado de Los Pelambres, as\u00ed como","_links":{"self":[{"href":"https:\/\/prodelcobre.cl\/nueva\/wp-json\/wp\/v2\/posts\/6832","targetHints":{"allow":["GET"]}}],"collection":[{"href":"https:\/\/prodelcobre.cl\/nueva\/wp-json\/wp\/v2\/posts"}],"about":[{"href":"https:\/\/prodelcobre.cl\/nueva\/wp-json\/wp\/v2\/types\/post"}],"author":[{"embeddable":true,"href":"https:\/\/prodelcobre.cl\/nueva\/wp-json\/wp\/v2\/users\/3"}],"replies":[{"embeddable":true,"href":"https:\/\/prodelcobre.cl\/nueva\/wp-json\/wp\/v2\/comments?post=6832"}],"version-history":[{"count":1,"href":"https:\/\/prodelcobre.cl\/nueva\/wp-json\/wp\/v2\/posts\/6832\/revisions"}],"predecessor-version":[{"id":6833,"href":"https:\/\/prodelcobre.cl\/nueva\/wp-json\/wp\/v2\/posts\/6832\/revisions\/6833"}],"wp:featuredmedia":[{"embeddable":true,"href":"https:\/\/prodelcobre.cl\/nueva\/wp-json\/wp\/v2\/media\/5821"}],"wp:attachment":[{"href":"https:\/\/prodelcobre.cl\/nueva\/wp-json\/wp\/v2\/media?parent=6832"}],"wp:term":[{"taxonomy":"category","embeddable":true,"href":"https:\/\/prodelcobre.cl\/nueva\/wp-json\/wp\/v2\/categories?post=6832"},{"taxonomy":"post_tag","embeddable":true,"href":"https:\/\/prodelcobre.cl\/nueva\/wp-json\/wp\/v2\/tags?post=6832"}],"curies":[{"name":"wp","href":"https:\/\/api.w.org\/{rel}","templated":true}]}}