{"id":6834,"date":"2022-11-09T12:34:25","date_gmt":"2022-11-09T15:34:25","guid":{"rendered":"https:\/\/prodelcobre.cl\/nueva\/?p=6834"},"modified":"2022-11-09T12:34:27","modified_gmt":"2022-11-09T15:34:27","slug":"medallas-de-los-juegos-panamericanos-2023-seran-por-primera-vez-hechas-en-cobre","status":"publish","type":"post","link":"https:\/\/prodelcobre.cl\/nueva\/medallas-de-los-juegos-panamericanos-2023-seran-por-primera-vez-hechas-en-cobre\/","title":{"rendered":"Medallas de los Juegos Panamericanos 2023 ser\u00e1n por primera vez hechas en cobre"},"content":{"rendered":"\n<h2 class=\"wp-block-heading\">La ciudad de Santiago ser\u00e1 la sede de los Panamericanos y Parapanamericanos 2023 donde gracias al acuerdo entre Antofagasta Minerals y los organizadores deportivos, por primera vez los ganadores tendr\u00e1n medallas de cobre.<\/h2>\n\n\n\n<p class=\"has-medium-font-size\">Antofagasta Minerals como sponsor de los Juegos Panamericanos y Parapanamericanos 2023 dieron a conocer en una nota de prensa de la empresa la noticia de la entrega de m\u00e1s de 5.000 medallas fabricadas con cobre para premiar a los ganadores de las competencias deportivas individuales y colectivas en sus diferentes categor\u00edas.<\/p>\n\n\n\n<p class=\"has-medium-font-size\">Seg\u00fan inform\u00f3 Neven Ilic, presidente de Panam Sports, parte del aporte de Antofagasta Minerals ser\u00e1 utilizado para construir la nueva pista atl\u00e9tica del Estadio Nacional, la que quedar\u00e1 como un legado permanente para el desarrollo del deporte chileno.<\/p>\n\n\n\n<p class=\"has-medium-font-size\">El director Comercial y Marketing de Santiago 2023, Juan Carlos Chamy, valor\u00f3 el involucramiento de la industria nacional con los Juegos. \u201cAs\u00ed como las medallas son un s\u00edmbolo de los valores del olimpismo, sucede lo mismo con&nbsp;<strong>el cobre que representa la fuerza y decisi\u00f3n de nuestro pueblo para abrir la tierra y seguir adelante<\/strong>\u201d, sostuvo.<\/p>\n\n\n\n<p class=\"has-medium-font-size\">El mega evento deportivo congregar\u00e1 a cerca de 9 mil atletas provenientes de 41 pa\u00edses del continente para competir en 39 deportes panamericanos y 17 parapanamericanos, con 60 y 18 disciplinas, respectivamente.<\/p>\n","protected":false},"excerpt":{"rendered":"<p>La ciudad de Santiago ser\u00e1 la sede de los Panamericanos y Parapanamericanos 2023 donde gracias al acuerdo entre<\/p>\n","protected":false},"author":3,"featured_media":6835,"comment_status":"closed","ping_status":"closed","sticky":false,"template":"","format":"standard","meta":{"footnotes":""},"categories":[51,52],"tags":[261],"class_list":["post-6834","post","type-post","status-publish","format-standard","has-post-thumbnail","hentry","category-chile","category-noticias","tag-antofagastaminerals"],"rttpg_featured_image_url":{"full":["https:\/\/prodelcobre.cl\/nueva\/wp-content\/uploads\/2022\/11\/Por-primera-vez-las-medallas-de-los-Juegos-Panamericanos-y...-Google-Chrome.jpg",1139,346,false],"landscape":["https:\/\/prodelcobre.cl\/nueva\/wp-content\/uploads\/2022\/11\/Por-primera-vez-las-medallas-de-los-Juegos-Panamericanos-y...-Google-Chrome.jpg",1139,346,false],"portraits":["https:\/\/prodelcobre.cl\/nueva\/wp-content\/uploads\/2022\/11\/Por-primera-vez-las-medallas-de-los-Juegos-Panamericanos-y...-Google-Chrome.jpg",1139,346,false],"thumbnail":["https:\/\/prodelcobre.cl\/nueva\/wp-content\/uploads\/2022\/11\/Por-primera-vez-las-medallas-de-los-Juegos-Panamericanos-y...-Google-Chrome-150x150.jpg",150,150,true],"medium":["https:\/\/prodelcobre.cl\/nueva\/wp-content\/uploads\/2022\/11\/Por-primera-vez-las-medallas-de-los-Juegos-Panamericanos-y...-Google-Chrome.jpg",1139,346,false],"large":["https:\/\/prodelcobre.cl\/nueva\/wp-content\/uploads\/2022\/11\/Por-primera-vez-las-medallas-de-los-Juegos-Panamericanos-y...-Google-Chrome.jpg",1139,346,false],"1536x1536":["https:\/\/prodelcobre.cl\/nueva\/wp-content\/uploads\/2022\/11\/Por-primera-vez-las-medallas-de-los-Juegos-Panamericanos-y...-Google-Chrome.jpg",1139,346,false],"2048x2048":["https:\/\/prodelcobre.cl\/nueva\/wp-content\/uploads\/2022\/11\/Por-primera-vez-las-medallas-de-los-Juegos-Panamericanos-y...-Google-Chrome.jpg",1139,346,false],"morenews-featured":["https:\/\/prodelcobre.cl\/nueva\/wp-content\/uploads\/2022\/11\/Por-primera-vez-las-medallas-de-los-Juegos-Panamericanos-y...-Google-Chrome.jpg",1024,311,false],"morenews-large":["https:\/\/prodelcobre.cl\/nueva\/wp-content\/uploads\/2022\/11\/Por-primera-vez-las-medallas-de-los-Juegos-Panamericanos-y...-Google-Chrome.jpg",825,251,false],"morenews-medium":["https:\/\/prodelcobre.cl\/nueva\/wp-content\/uploads\/2022\/11\/Por-primera-vez-las-medallas-de-los-Juegos-Panamericanos-y...-Google-Chrome.jpg",590,179,false],"psacp-medium":["https:\/\/prodelcobre.cl\/nueva\/wp-content\/uploads\/2022\/11\/Por-primera-vez-las-medallas-de-los-Juegos-Panamericanos-y...-Google-Chrome.jpg",500,152,false]},"rttpg_author":{"display_name":"Francisco P\u00e9rez Alvi\u00e1rez","author_link":"https:\/\/prodelcobre.cl\/nueva\/author\/fperez\/"},"rttpg_comment":0,"rttpg_category":"<a href=\"https:\/\/prodelcobre.cl\/nueva\/category\/chile\/\" rel=\"category tag\">Chile<\/a> <a href=\"https:\/\/prodelcobre.cl\/nueva\/category\/noticias\/\" rel=\"category tag\">Noticias<\/a>","rttpg_excerpt":"La ciudad de Santiago ser\u00e1 la sede de los Panamericanos y Parapanamericanos 2023 donde gracias al acuerdo entre","_links":{"self":[{"href":"https:\/\/prodelcobre.cl\/nueva\/wp-json\/wp\/v2\/posts\/6834","targetHints":{"allow":["GET"]}}],"collection":[{"href":"https:\/\/prodelcobre.cl\/nueva\/wp-json\/wp\/v2\/posts"}],"about":[{"href":"https:\/\/prodelcobre.cl\/nueva\/wp-json\/wp\/v2\/types\/post"}],"author":[{"embeddable":true,"href":"https:\/\/prodelcobre.cl\/nueva\/wp-json\/wp\/v2\/users\/3"}],"replies":[{"embeddable":true,"href":"https:\/\/prodelcobre.cl\/nueva\/wp-json\/wp\/v2\/comments?post=6834"}],"version-history":[{"count":1,"href":"https:\/\/prodelcobre.cl\/nueva\/wp-json\/wp\/v2\/posts\/6834\/revisions"}],"predecessor-version":[{"id":6836,"href":"https:\/\/prodelcobre.cl\/nueva\/wp-json\/wp\/v2\/posts\/6834\/revisions\/6836"}],"wp:featuredmedia":[{"embeddable":true,"href":"https:\/\/prodelcobre.cl\/nueva\/wp-json\/wp\/v2\/media\/6835"}],"wp:attachment":[{"href":"https:\/\/prodelcobre.cl\/nueva\/wp-json\/wp\/v2\/media?parent=6834"}],"wp:term":[{"taxonomy":"category","embeddable":true,"href":"https:\/\/prodelcobre.cl\/nueva\/wp-json\/wp\/v2\/categories?post=6834"},{"taxonomy":"post_tag","embeddable":true,"href":"https:\/\/prodelcobre.cl\/nueva\/wp-json\/wp\/v2\/tags?post=6834"}],"curies":[{"name":"wp","href":"https:\/\/api.w.org\/{rel}","templated":true}]}}