{"id":6837,"date":"2022-11-09T12:49:03","date_gmt":"2022-11-09T15:49:03","guid":{"rendered":"https:\/\/prodelcobre.cl\/nueva\/?p=6837"},"modified":"2022-11-09T12:49:07","modified_gmt":"2022-11-09T15:49:07","slug":"ministro-de-energia-promulgo-ley-de-almacenamiento-y-electromovilidad","status":"publish","type":"post","link":"https:\/\/prodelcobre.cl\/nueva\/ministro-de-energia-promulgo-ley-de-almacenamiento-y-electromovilidad\/","title":{"rendered":"Ministro de Energ\u00eda promulg\u00f3 Ley de Almacenamiento y Electromovilidad"},"content":{"rendered":"\n<h2 class=\"wp-block-heading\">La ley espera ayudar en el compromiso de Chile para ser una sociedad carbono neutral en 2050.<\/h2>\n\n\n\n<p class=\"has-medium-font-size\">El ministro Diego Pardow en una ceremonia llevada a cabo en la planta fotovoltaica Plomo del Verano del Fundo el Roble en Rinconada de Maip\u00fa dio luz verde a la Ley que se aprob\u00f3 con unanimidad por el parlamento, lo que representa un avance en el fomento de las energ\u00edas renovables en el pa\u00eds. <\/p>\n\n\n\n<p class=\"has-medium-font-size\">Pardow expres\u00f3: \u201cahora se inicia un segundo tiempo que permitir\u00e1 el desarrollo de energ\u00edas renovables flexibles. \u00bfQu\u00e9 significa esto?&nbsp;<strong>Incentivar el uso tecnolog\u00edas limpias que permitan al sistema responder durante los peak de demanda&nbsp;<\/strong>de manera de dejar de depender de los combustibles f\u00f3siles. Esa es la \u00fanica manera que permitir\u00e1 descarbonizar nuestra matriz energ\u00e9tica\u201d.&nbsp;<\/p>\n","protected":false},"excerpt":{"rendered":"<p>La ley espera ayudar en el compromiso de Chile para ser una sociedad carbono neutral en 2050. El<\/p>\n","protected":false},"author":3,"featured_media":5338,"comment_status":"closed","ping_status":"closed","sticky":false,"template":"","format":"standard","meta":{"footnotes":""},"categories":[51,59,52],"tags":[237],"class_list":["post-6837","post","type-post","status-publish","format-standard","has-post-thumbnail","hentry","category-chile","category-energia","category-noticias","tag-energia-2"],"rttpg_featured_image_url":{"full":["https:\/\/prodelcobre.cl\/nueva\/wp-content\/uploads\/2022\/05\/energia-sustentable.jpg",725,466,false],"landscape":["https:\/\/prodelcobre.cl\/nueva\/wp-content\/uploads\/2022\/05\/energia-sustentable.jpg",725,466,false],"portraits":["https:\/\/prodelcobre.cl\/nueva\/wp-content\/uploads\/2022\/05\/energia-sustentable.jpg",725,466,false],"thumbnail":["https:\/\/prodelcobre.cl\/nueva\/wp-content\/uploads\/2022\/05\/energia-sustentable-150x150.jpg",150,150,true],"medium":["https:\/\/prodelcobre.cl\/nueva\/wp-content\/uploads\/2022\/05\/energia-sustentable.jpg",725,466,false],"large":["https:\/\/prodelcobre.cl\/nueva\/wp-content\/uploads\/2022\/05\/energia-sustentable.jpg",725,466,false],"1536x1536":["https:\/\/prodelcobre.cl\/nueva\/wp-content\/uploads\/2022\/05\/energia-sustentable.jpg",725,466,false],"2048x2048":["https:\/\/prodelcobre.cl\/nueva\/wp-content\/uploads\/2022\/05\/energia-sustentable.jpg",725,466,false],"morenews-featured":["https:\/\/prodelcobre.cl\/nueva\/wp-content\/uploads\/2022\/05\/energia-sustentable.jpg",725,466,false],"morenews-large":["https:\/\/prodelcobre.cl\/nueva\/wp-content\/uploads\/2022\/05\/energia-sustentable.jpg",725,466,false],"morenews-medium":["https:\/\/prodelcobre.cl\/nueva\/wp-content\/uploads\/2022\/05\/energia-sustentable.jpg",590,379,false],"psacp-medium":["https:\/\/prodelcobre.cl\/nueva\/wp-content\/uploads\/2022\/05\/energia-sustentable.jpg",500,321,false]},"rttpg_author":{"display_name":"Francisco P\u00e9rez Alvi\u00e1rez","author_link":"https:\/\/prodelcobre.cl\/nueva\/author\/fperez\/"},"rttpg_comment":0,"rttpg_category":"<a href=\"https:\/\/prodelcobre.cl\/nueva\/category\/chile\/\" rel=\"category tag\">Chile<\/a> <a href=\"https:\/\/prodelcobre.cl\/nueva\/category\/energia\/\" rel=\"category tag\">Energ\u00eda<\/a> <a href=\"https:\/\/prodelcobre.cl\/nueva\/category\/noticias\/\" rel=\"category tag\">Noticias<\/a>","rttpg_excerpt":"La ley espera ayudar en el compromiso de Chile para ser una sociedad carbono neutral en 2050. El","_links":{"self":[{"href":"https:\/\/prodelcobre.cl\/nueva\/wp-json\/wp\/v2\/posts\/6837","targetHints":{"allow":["GET"]}}],"collection":[{"href":"https:\/\/prodelcobre.cl\/nueva\/wp-json\/wp\/v2\/posts"}],"about":[{"href":"https:\/\/prodelcobre.cl\/nueva\/wp-json\/wp\/v2\/types\/post"}],"author":[{"embeddable":true,"href":"https:\/\/prodelcobre.cl\/nueva\/wp-json\/wp\/v2\/users\/3"}],"replies":[{"embeddable":true,"href":"https:\/\/prodelcobre.cl\/nueva\/wp-json\/wp\/v2\/comments?post=6837"}],"version-history":[{"count":1,"href":"https:\/\/prodelcobre.cl\/nueva\/wp-json\/wp\/v2\/posts\/6837\/revisions"}],"predecessor-version":[{"id":6838,"href":"https:\/\/prodelcobre.cl\/nueva\/wp-json\/wp\/v2\/posts\/6837\/revisions\/6838"}],"wp:featuredmedia":[{"embeddable":true,"href":"https:\/\/prodelcobre.cl\/nueva\/wp-json\/wp\/v2\/media\/5338"}],"wp:attachment":[{"href":"https:\/\/prodelcobre.cl\/nueva\/wp-json\/wp\/v2\/media?parent=6837"}],"wp:term":[{"taxonomy":"category","embeddable":true,"href":"https:\/\/prodelcobre.cl\/nueva\/wp-json\/wp\/v2\/categories?post=6837"},{"taxonomy":"post_tag","embeddable":true,"href":"https:\/\/prodelcobre.cl\/nueva\/wp-json\/wp\/v2\/tags?post=6837"}],"curies":[{"name":"wp","href":"https:\/\/api.w.org\/{rel}","templated":true}]}}