{"id":6839,"date":"2022-11-09T12:57:48","date_gmt":"2022-11-09T15:57:48","guid":{"rendered":"https:\/\/prodelcobre.cl\/nueva\/?p=6839"},"modified":"2022-11-09T12:57:50","modified_gmt":"2022-11-09T15:57:50","slug":"codelco-se-comprometio-a-la-incorporacion-de-mas-de-3-000-mujeres-para-2027","status":"publish","type":"post","link":"https:\/\/prodelcobre.cl\/nueva\/codelco-se-comprometio-a-la-incorporacion-de-mas-de-3-000-mujeres-para-2027\/","title":{"rendered":"Codelco se comprometi\u00f3 a la incorporaci\u00f3n de m\u00e1s de 3.000 mujeres para 2027"},"content":{"rendered":"\n<h2 class=\"wp-block-heading\">La estatal del cobre enfil\u00f3 sus bater\u00edas en alcanzar 35% de dotaci\u00f3n femenina en el marco de sus metas en equidad de g\u00e9nero.<\/h2>\n\n\n\n<p class=\"has-medium-font-size\">Codelco asumi\u00f3 el reto de incrementar el ingreso de personal femenino a la compa\u00f1\u00eda con una meta de al menos 5.000 mujeres para el a\u00f1o 2027, dejando a la empresa como la de mayor participaci\u00f3n de g\u00e9nero en el sector de la miner\u00eda. <\/p>\n\n\n\n<p class=\"has-medium-font-size\">La compa\u00f1\u00eda defini\u00f3 sus objetivos con metas claras en la generaci\u00f3n de un nuevo modelo de gesti\u00f3n de Diversidad e Inclusi\u00f3n con mayor responsabilidad por parte de los l\u00edderes, atracci\u00f3n desarrollo y retenci\u00f3n, para que Codelco sea la empresa donde las mujeres de Chile quieran trabajar.<\/p>\n\n\n\n<p class=\"has-medium-font-size\">Al mismo<strong> <\/strong>tiempo Codelco busca impulsar y profundizar la transformaci\u00f3n para una cultura y ambiente laboral acorde a la mayor integraci\u00f3n de mujeres, seg\u00fan la descripci\u00f3n de sus metas. <\/p>\n","protected":false},"excerpt":{"rendered":"<p>La estatal del cobre enfil\u00f3 sus bater\u00edas en alcanzar 35% de dotaci\u00f3n femenina en el marco de sus<\/p>\n","protected":false},"author":3,"featured_media":4971,"comment_status":"closed","ping_status":"closed","sticky":false,"template":"","format":"standard","meta":{"footnotes":""},"categories":[51,52],"tags":[101],"class_list":["post-6839","post","type-post","status-publish","format-standard","has-post-thumbnail","hentry","category-chile","category-noticias","tag-codelco"],"rttpg_featured_image_url":{"full":["https:\/\/prodelcobre.cl\/nueva\/wp-content\/uploads\/2022\/03\/mujer-mineria.jpg",712,396,false],"landscape":["https:\/\/prodelcobre.cl\/nueva\/wp-content\/uploads\/2022\/03\/mujer-mineria.jpg",712,396,false],"portraits":["https:\/\/prodelcobre.cl\/nueva\/wp-content\/uploads\/2022\/03\/mujer-mineria.jpg",712,396,false],"thumbnail":["https:\/\/prodelcobre.cl\/nueva\/wp-content\/uploads\/2022\/03\/mujer-mineria-150x150.jpg",150,150,true],"medium":["https:\/\/prodelcobre.cl\/nueva\/wp-content\/uploads\/2022\/03\/mujer-mineria.jpg",712,396,false],"large":["https:\/\/prodelcobre.cl\/nueva\/wp-content\/uploads\/2022\/03\/mujer-mineria.jpg",712,396,false],"1536x1536":["https:\/\/prodelcobre.cl\/nueva\/wp-content\/uploads\/2022\/03\/mujer-mineria.jpg",712,396,false],"2048x2048":["https:\/\/prodelcobre.cl\/nueva\/wp-content\/uploads\/2022\/03\/mujer-mineria.jpg",712,396,false],"morenews-featured":["https:\/\/prodelcobre.cl\/nueva\/wp-content\/uploads\/2022\/03\/mujer-mineria.jpg",712,396,false],"morenews-large":["https:\/\/prodelcobre.cl\/nueva\/wp-content\/uploads\/2022\/03\/mujer-mineria.jpg",712,396,false],"morenews-medium":["https:\/\/prodelcobre.cl\/nueva\/wp-content\/uploads\/2022\/03\/mujer-mineria.jpg",590,328,false],"psacp-medium":["https:\/\/prodelcobre.cl\/nueva\/wp-content\/uploads\/2022\/03\/mujer-mineria.jpg",500,278,false]},"rttpg_author":{"display_name":"Francisco P\u00e9rez Alvi\u00e1rez","author_link":"https:\/\/prodelcobre.cl\/nueva\/author\/fperez\/"},"rttpg_comment":0,"rttpg_category":"<a href=\"https:\/\/prodelcobre.cl\/nueva\/category\/chile\/\" rel=\"category tag\">Chile<\/a> <a href=\"https:\/\/prodelcobre.cl\/nueva\/category\/noticias\/\" rel=\"category tag\">Noticias<\/a>","rttpg_excerpt":"La estatal del cobre enfil\u00f3 sus bater\u00edas en alcanzar 35% de dotaci\u00f3n femenina en el marco de sus","_links":{"self":[{"href":"https:\/\/prodelcobre.cl\/nueva\/wp-json\/wp\/v2\/posts\/6839","targetHints":{"allow":["GET"]}}],"collection":[{"href":"https:\/\/prodelcobre.cl\/nueva\/wp-json\/wp\/v2\/posts"}],"about":[{"href":"https:\/\/prodelcobre.cl\/nueva\/wp-json\/wp\/v2\/types\/post"}],"author":[{"embeddable":true,"href":"https:\/\/prodelcobre.cl\/nueva\/wp-json\/wp\/v2\/users\/3"}],"replies":[{"embeddable":true,"href":"https:\/\/prodelcobre.cl\/nueva\/wp-json\/wp\/v2\/comments?post=6839"}],"version-history":[{"count":1,"href":"https:\/\/prodelcobre.cl\/nueva\/wp-json\/wp\/v2\/posts\/6839\/revisions"}],"predecessor-version":[{"id":6840,"href":"https:\/\/prodelcobre.cl\/nueva\/wp-json\/wp\/v2\/posts\/6839\/revisions\/6840"}],"wp:featuredmedia":[{"embeddable":true,"href":"https:\/\/prodelcobre.cl\/nueva\/wp-json\/wp\/v2\/media\/4971"}],"wp:attachment":[{"href":"https:\/\/prodelcobre.cl\/nueva\/wp-json\/wp\/v2\/media?parent=6839"}],"wp:term":[{"taxonomy":"category","embeddable":true,"href":"https:\/\/prodelcobre.cl\/nueva\/wp-json\/wp\/v2\/categories?post=6839"},{"taxonomy":"post_tag","embeddable":true,"href":"https:\/\/prodelcobre.cl\/nueva\/wp-json\/wp\/v2\/tags?post=6839"}],"curies":[{"name":"wp","href":"https:\/\/api.w.org\/{rel}","templated":true}]}}