{"id":6843,"date":"2022-11-10T13:08:16","date_gmt":"2022-11-10T16:08:16","guid":{"rendered":"https:\/\/prodelcobre.cl\/nueva\/?p=6843"},"modified":"2022-11-10T13:08:17","modified_gmt":"2022-11-10T16:08:17","slug":"cesco-analizara-la-economia-circular-para-la-mineria-en-seminario-hibrido","status":"publish","type":"post","link":"https:\/\/prodelcobre.cl\/nueva\/cesco-analizara-la-economia-circular-para-la-mineria-en-seminario-hibrido\/","title":{"rendered":"Cesco analizar\u00e1 la econom\u00eda circular para la miner\u00eda en seminario h\u00edbrido"},"content":{"rendered":"\n<h2 class=\"wp-block-heading\">La actividad contar\u00e1 con la participaci\u00f3n de expertos y expertas nacionales e internacionales para analizar todos los temas referentes a la materia.<\/h2>\n\n\n\n<p class=\"has-medium-font-size\">Este 6 de diciembre, el Centro de Estudios del Cobre y la Miner\u00eda (Cesco), realizar\u00e1 el pr\u00f3ximo 6 de diciembre a las 08:30 horas el seminario h\u00edbrido&nbsp;<strong>M\u00e1s all\u00e1 del reciclaje: Econom\u00eda circular para la miner\u00eda del futuro<\/strong>, donde se plantea analizar los desaf\u00edos contra el cambio clim\u00e1tico, y los metales as\u00ed como minerales clave para las econom\u00edas verdes del futuro.<\/p>\n\n\n\n<p class=\"has-medium-font-size\">La actividad contar\u00e1 con la participaci\u00f3n de expertos y expertas nacionales e internacionales, donde se analizar\u00e1n las \u00faltimas tendencias en la materia, los desaf\u00edos de incorporar la circularidad en las operaciones y los aspectos regulatorios a considerar en esta transici\u00f3n, adem\u00e1s del rol de la industria minera del cobre en un mundo m\u00e1s circular.<\/p>\n\n\n\n<p class=\"has-medium-font-size\">En el Hotel DoubleTree by Hilton Kennedy (Av. Pdte. Kennedy 4422, Vitacura), se dar\u00e1n cita diversos representantes de la materia entre los que figuran Andre\u00e9 Henr\u00edquez de CircularTec; Carlos Arriagada de Collahuasi; Jordi Puig, Head of Mining Technology Kiruna LKAB; Alan Young, de Materials Efficiency Research Group Canada; Michele Brulhart, directora ejecutiva de The Copper Mark; y Erik Heimlich, Head of Base Metals Supply CRU, entre otros.<\/p>\n","protected":false},"excerpt":{"rendered":"<p>La actividad contar\u00e1 con la participaci\u00f3n de expertos y expertas nacionales e internacionales para analizar todos los temas<\/p>\n","protected":false},"author":3,"featured_media":6844,"comment_status":"closed","ping_status":"closed","sticky":false,"template":"","format":"standard","meta":{"footnotes":""},"categories":[51,52],"tags":[330],"class_list":["post-6843","post","type-post","status-publish","format-standard","has-post-thumbnail","hentry","category-chile","category-noticias","tag-mineriacircular-2"],"rttpg_featured_image_url":{"full":["https:\/\/prodelcobre.cl\/nueva\/wp-content\/uploads\/2022\/11\/636ce498299ac.png",500,250,false],"landscape":["https:\/\/prodelcobre.cl\/nueva\/wp-content\/uploads\/2022\/11\/636ce498299ac.png",500,250,false],"portraits":["https:\/\/prodelcobre.cl\/nueva\/wp-content\/uploads\/2022\/11\/636ce498299ac.png",500,250,false],"thumbnail":["https:\/\/prodelcobre.cl\/nueva\/wp-content\/uploads\/2022\/11\/636ce498299ac-150x150.png",150,150,true],"medium":["https:\/\/prodelcobre.cl\/nueva\/wp-content\/uploads\/2022\/11\/636ce498299ac.png",500,250,false],"large":["https:\/\/prodelcobre.cl\/nueva\/wp-content\/uploads\/2022\/11\/636ce498299ac.png",500,250,false],"1536x1536":["https:\/\/prodelcobre.cl\/nueva\/wp-content\/uploads\/2022\/11\/636ce498299ac.png",500,250,false],"2048x2048":["https:\/\/prodelcobre.cl\/nueva\/wp-content\/uploads\/2022\/11\/636ce498299ac.png",500,250,false],"morenews-featured":["https:\/\/prodelcobre.cl\/nueva\/wp-content\/uploads\/2022\/11\/636ce498299ac.png",500,250,false],"morenews-large":["https:\/\/prodelcobre.cl\/nueva\/wp-content\/uploads\/2022\/11\/636ce498299ac.png",500,250,false],"morenews-medium":["https:\/\/prodelcobre.cl\/nueva\/wp-content\/uploads\/2022\/11\/636ce498299ac.png",500,250,false],"psacp-medium":["https:\/\/prodelcobre.cl\/nueva\/wp-content\/uploads\/2022\/11\/636ce498299ac.png",500,250,false]},"rttpg_author":{"display_name":"Francisco P\u00e9rez Alvi\u00e1rez","author_link":"https:\/\/prodelcobre.cl\/nueva\/author\/fperez\/"},"rttpg_comment":0,"rttpg_category":"<a href=\"https:\/\/prodelcobre.cl\/nueva\/category\/chile\/\" rel=\"category tag\">Chile<\/a> <a href=\"https:\/\/prodelcobre.cl\/nueva\/category\/noticias\/\" rel=\"category tag\">Noticias<\/a>","rttpg_excerpt":"La actividad contar\u00e1 con la participaci\u00f3n de expertos y expertas nacionales e internacionales para analizar todos los temas","_links":{"self":[{"href":"https:\/\/prodelcobre.cl\/nueva\/wp-json\/wp\/v2\/posts\/6843","targetHints":{"allow":["GET"]}}],"collection":[{"href":"https:\/\/prodelcobre.cl\/nueva\/wp-json\/wp\/v2\/posts"}],"about":[{"href":"https:\/\/prodelcobre.cl\/nueva\/wp-json\/wp\/v2\/types\/post"}],"author":[{"embeddable":true,"href":"https:\/\/prodelcobre.cl\/nueva\/wp-json\/wp\/v2\/users\/3"}],"replies":[{"embeddable":true,"href":"https:\/\/prodelcobre.cl\/nueva\/wp-json\/wp\/v2\/comments?post=6843"}],"version-history":[{"count":1,"href":"https:\/\/prodelcobre.cl\/nueva\/wp-json\/wp\/v2\/posts\/6843\/revisions"}],"predecessor-version":[{"id":6845,"href":"https:\/\/prodelcobre.cl\/nueva\/wp-json\/wp\/v2\/posts\/6843\/revisions\/6845"}],"wp:featuredmedia":[{"embeddable":true,"href":"https:\/\/prodelcobre.cl\/nueva\/wp-json\/wp\/v2\/media\/6844"}],"wp:attachment":[{"href":"https:\/\/prodelcobre.cl\/nueva\/wp-json\/wp\/v2\/media?parent=6843"}],"wp:term":[{"taxonomy":"category","embeddable":true,"href":"https:\/\/prodelcobre.cl\/nueva\/wp-json\/wp\/v2\/categories?post=6843"},{"taxonomy":"post_tag","embeddable":true,"href":"https:\/\/prodelcobre.cl\/nueva\/wp-json\/wp\/v2\/tags?post=6843"}],"curies":[{"name":"wp","href":"https:\/\/api.w.org\/{rel}","templated":true}]}}