{"id":6846,"date":"2022-11-10T17:23:18","date_gmt":"2022-11-10T20:23:18","guid":{"rendered":"https:\/\/prodelcobre.cl\/nueva\/?p=6846"},"modified":"2022-11-10T17:23:20","modified_gmt":"2022-11-10T20:23:20","slug":"expertos-debatiran-los-desafios-de-la-mineria-sustentable-en-congreso-en-antofagasta","status":"publish","type":"post","link":"https:\/\/prodelcobre.cl\/nueva\/expertos-debatiran-los-desafios-de-la-mineria-sustentable-en-congreso-en-antofagasta\/","title":{"rendered":"Expertos debatir\u00e1n los desaf\u00edos de la miner\u00eda sustentable en congreso en Antofagasta"},"content":{"rendered":"\n<h2 class=\"wp-block-heading\">Diversos acad\u00e9micos y expertos participar\u00e1n en este congreso impulsado por el Grupo de Investigaci\u00f3n en Econom\u00eda Minera de la Universidad de Antofagasta.<\/h2>\n\n\n\n<p class=\"has-medium-font-size\"><strong>&#8220;Desaf\u00edos de una miner\u00eda&nbsp;sustentable&#8221;<\/strong> es el t\u00edtulo de este congreso que se realizar\u00e1 el 17 y 18 de noviembre en el Sal\u00f3n Horacio Mel\u00e9ndez del Campus Angamos de la Universidad de Antofagasta. En el evento se debatir\u00e1 sobre los&nbsp;<strong>desaf\u00edos que debe enfrentar la industria minera para impulsar nuevos modelos de negocios<\/strong>&nbsp;bajo la perspectiva econ\u00f3mica, ambiental y social. A su vez, se busca motivar el inter\u00e9s y pensamiento cr\u00edtico de la comunidad universitaria y de la sociedad de una industria minera sustentable y tratando los temas relevantes de inclusi\u00f3n y equidad en la industria minera.<\/p>\n\n\n\n<p class=\"has-medium-font-size\">Diversos expositores participar\u00e1n en este congreso, entre los que resaltan personalidades como&nbsp;<strong>Aurora Williams, exministra de Miner\u00eda.<\/strong>&nbsp;Actualmente es gerenta del Centro Integrado de Pilotajes de Tecnolog\u00edas Mineras; y<strong>&nbsp;Eduardo Bitr\u00e1n, exministro de Obras P\u00fablicas y presidente de Corfo. <\/strong><\/p>\n\n\n\n<p class=\"has-medium-font-size\">Finalmente se dar\u00e1n a conocer<strong>&nbsp;distintas visiones del royalty que se discute actualmente en la c\u00e1mara de diputados y senadores.<\/strong><\/p>\n","protected":false},"excerpt":{"rendered":"<p>Diversos acad\u00e9micos y expertos participar\u00e1n en este congreso impulsado por el Grupo de Investigaci\u00f3n en Econom\u00eda Minera de<\/p>\n","protected":false},"author":3,"featured_media":4378,"comment_status":"closed","ping_status":"closed","sticky":false,"template":"","format":"standard","meta":{"footnotes":""},"categories":[51,52],"tags":[179],"class_list":["post-6846","post","type-post","status-publish","format-standard","has-post-thumbnail","hentry","category-chile","category-noticias","tag-antofagasta"],"rttpg_featured_image_url":{"full":["https:\/\/prodelcobre.cl\/nueva\/wp-content\/uploads\/2021\/08\/ANTOFAGASTA-MINERALS.jpg",898,603,false],"landscape":["https:\/\/prodelcobre.cl\/nueva\/wp-content\/uploads\/2021\/08\/ANTOFAGASTA-MINERALS.jpg",898,603,false],"portraits":["https:\/\/prodelcobre.cl\/nueva\/wp-content\/uploads\/2021\/08\/ANTOFAGASTA-MINERALS.jpg",898,603,false],"thumbnail":["https:\/\/prodelcobre.cl\/nueva\/wp-content\/uploads\/2021\/08\/ANTOFAGASTA-MINERALS-150x150.jpg",150,150,true],"medium":["https:\/\/prodelcobre.cl\/nueva\/wp-content\/uploads\/2021\/08\/ANTOFAGASTA-MINERALS.jpg",898,603,false],"large":["https:\/\/prodelcobre.cl\/nueva\/wp-content\/uploads\/2021\/08\/ANTOFAGASTA-MINERALS.jpg",898,603,false],"1536x1536":["https:\/\/prodelcobre.cl\/nueva\/wp-content\/uploads\/2021\/08\/ANTOFAGASTA-MINERALS.jpg",898,603,false],"2048x2048":["https:\/\/prodelcobre.cl\/nueva\/wp-content\/uploads\/2021\/08\/ANTOFAGASTA-MINERALS.jpg",898,603,false],"morenews-featured":["https:\/\/prodelcobre.cl\/nueva\/wp-content\/uploads\/2021\/08\/ANTOFAGASTA-MINERALS.jpg",898,603,false],"morenews-large":["https:\/\/prodelcobre.cl\/nueva\/wp-content\/uploads\/2021\/08\/ANTOFAGASTA-MINERALS.jpg",825,554,false],"morenews-medium":["https:\/\/prodelcobre.cl\/nueva\/wp-content\/uploads\/2021\/08\/ANTOFAGASTA-MINERALS.jpg",590,396,false],"psacp-medium":["https:\/\/prodelcobre.cl\/nueva\/wp-content\/uploads\/2021\/08\/ANTOFAGASTA-MINERALS.jpg",500,336,false]},"rttpg_author":{"display_name":"Francisco P\u00e9rez Alvi\u00e1rez","author_link":"https:\/\/prodelcobre.cl\/nueva\/author\/fperez\/"},"rttpg_comment":0,"rttpg_category":"<a href=\"https:\/\/prodelcobre.cl\/nueva\/category\/chile\/\" rel=\"category tag\">Chile<\/a> <a href=\"https:\/\/prodelcobre.cl\/nueva\/category\/noticias\/\" rel=\"category tag\">Noticias<\/a>","rttpg_excerpt":"Diversos acad\u00e9micos y expertos participar\u00e1n en este congreso impulsado por el Grupo de Investigaci\u00f3n en Econom\u00eda Minera de","_links":{"self":[{"href":"https:\/\/prodelcobre.cl\/nueva\/wp-json\/wp\/v2\/posts\/6846","targetHints":{"allow":["GET"]}}],"collection":[{"href":"https:\/\/prodelcobre.cl\/nueva\/wp-json\/wp\/v2\/posts"}],"about":[{"href":"https:\/\/prodelcobre.cl\/nueva\/wp-json\/wp\/v2\/types\/post"}],"author":[{"embeddable":true,"href":"https:\/\/prodelcobre.cl\/nueva\/wp-json\/wp\/v2\/users\/3"}],"replies":[{"embeddable":true,"href":"https:\/\/prodelcobre.cl\/nueva\/wp-json\/wp\/v2\/comments?post=6846"}],"version-history":[{"count":1,"href":"https:\/\/prodelcobre.cl\/nueva\/wp-json\/wp\/v2\/posts\/6846\/revisions"}],"predecessor-version":[{"id":6847,"href":"https:\/\/prodelcobre.cl\/nueva\/wp-json\/wp\/v2\/posts\/6846\/revisions\/6847"}],"wp:featuredmedia":[{"embeddable":true,"href":"https:\/\/prodelcobre.cl\/nueva\/wp-json\/wp\/v2\/media\/4378"}],"wp:attachment":[{"href":"https:\/\/prodelcobre.cl\/nueva\/wp-json\/wp\/v2\/media?parent=6846"}],"wp:term":[{"taxonomy":"category","embeddable":true,"href":"https:\/\/prodelcobre.cl\/nueva\/wp-json\/wp\/v2\/categories?post=6846"},{"taxonomy":"post_tag","embeddable":true,"href":"https:\/\/prodelcobre.cl\/nueva\/wp-json\/wp\/v2\/tags?post=6846"}],"curies":[{"name":"wp","href":"https:\/\/api.w.org\/{rel}","templated":true}]}}