{"id":6862,"date":"2022-11-11T13:48:24","date_gmt":"2022-11-11T16:48:24","guid":{"rendered":"https:\/\/prodelcobre.cl\/nueva\/?p=6862"},"modified":"2022-11-11T13:50:56","modified_gmt":"2022-11-11T16:50:56","slug":"rodrigo-ceballos-y-fernando-vera-jerez-abordaran-el-tema-de-tierras-raras-en-el-programa-liderazgo-minero-de-radio-madero","status":"publish","type":"post","link":"https:\/\/prodelcobre.cl\/nueva\/rodrigo-ceballos-y-fernando-vera-jerez-abordaran-el-tema-de-tierras-raras-en-el-programa-liderazgo-minero-de-radio-madero\/","title":{"rendered":"Rodrigo Ceballos y Fernando Vera Jerez abordar\u00e1n el tema de &#8220;tierras raras&#8221; en el programa Liderazgo Minero de Radio Madero"},"content":{"rendered":"\n<h2 class=\"wp-block-heading\">Rodrigo Ceballos, gerente general de Biolant\u00e1nidos, \u00fanica empresa en Chile que se dedica a la extracci\u00f3n de lant\u00e1nidos (tierras raras) y Fernando Vera Jerez, ingeniero de proyectos, tambi\u00e9n del tema de las tierras raras conversar\u00e1n y responder\u00e1n preguntas sobre este importante tema en Liderazgo Minero.<\/h2>\n\n\n\n<p class=\"has-medium-font-size\">Las tierras raras forman parte importante del comercio minero por su inter\u00e9s en la producci\u00f3n de armas, equipos m\u00e9dicos, equipos m\u00f3viles, entre otros productos, gracias a una serie de elementos qu\u00edmicos de gran importancia como lo son el cerio, samario, holmio o europio, entre otros. <\/p>\n\n\n\n<p class=\"has-medium-font-size\">En Chile existe una gran cantidad de relaves mineros que contienen este tipo de tierras raras, por lo que el programa Liderazgo Minero, conducido por Francisco P\u00e9rez Alvi\u00e1rez en conjunto con Celso Pardo y Pamela Bordones, compartir\u00e1n con los expertos en el tema, Rodrigo Ceballos, gerente general de Biolant\u00e1nidos, \u00fanica empresa en el pa\u00eds que extrae estos materiales, as\u00ed como tambi\u00e9n la participaci\u00f3n de Fernando Vera Jerez, ingeniero de proyectos en tierras raras.<\/p>\n\n\n\n<p class=\"has-medium-font-size\">Liderazgo Minero ser\u00e1 transmitido en vivo el lunes 14 de noviembre a las 14:00 hs.<\/p>\n\n\n\n<p class=\"has-medium-font-size\">Este programa se escucha en Radio Madero FM:<br><strong>Antofagasta 102.5<br>Tocopilla 106.1<br>Calama 88.1<br>Sierra Gorda 88.1<br>Taltal 97.5<br>Paposo 97.5<br>Copiap\u00f3 94.1<br>Cha\u00f1aral 102.1<br>Caldera 104.1<br>Tierra Amarilla 94.1<br>Los Loros 93.7<br>Vallenar 103.5<br>La Serena 93.5<br>Coquimbo 93.5<\/strong><br><br>En Santiago, Regi\u00f3n Metropolitana directamente por la web <a rel=\"noreferrer noopener\" href=\"http:\/\/www.madero.cl\" data-type=\"URL\" data-id=\"www.madero.cl\" target=\"_blank\"><strong>www.madero.cl<\/strong><\/a><\/p>\n\n\n\n<p class=\"has-medium-font-size\">Streaming en Facebook: <strong><a href=\"https:\/\/www.facebook.com\/maderocl\">https:\/\/www.<\/a><a rel=\"noreferrer noopener\" href=\"https:\/\/www.facebook.com\/maderocl\" target=\"_blank\">facebook<\/a><a href=\"https:\/\/www.facebook.com\/maderocl\">.com\/maderocl<\/a><\/strong><\/p>\n","protected":false},"excerpt":{"rendered":"<p>Rodrigo Ceballos, gerente general de Biolant\u00e1nidos, \u00fanica empresa en Chile que se dedica a la extracci\u00f3n de lant\u00e1nidos<\/p>\n","protected":false},"author":3,"featured_media":6863,"comment_status":"closed","ping_status":"closed","sticky":false,"template":"","format":"standard","meta":{"footnotes":""},"categories":[51,52],"tags":[75],"class_list":["post-6862","post","type-post","status-publish","format-standard","has-post-thumbnail","hentry","category-chile","category-noticias","tag-mineria-3"],"rttpg_featured_image_url":{"full":["https:\/\/prodelcobre.cl\/nueva\/wp-content\/uploads\/2022\/11\/tierras-raras-geopolitica-recursos-naturales.jpg",1200,780,false],"landscape":["https:\/\/prodelcobre.cl\/nueva\/wp-content\/uploads\/2022\/11\/tierras-raras-geopolitica-recursos-naturales.jpg",1200,780,false],"portraits":["https:\/\/prodelcobre.cl\/nueva\/wp-content\/uploads\/2022\/11\/tierras-raras-geopolitica-recursos-naturales.jpg",1200,780,false],"thumbnail":["https:\/\/prodelcobre.cl\/nueva\/wp-content\/uploads\/2022\/11\/tierras-raras-geopolitica-recursos-naturales-150x150.jpg",150,150,true],"medium":["https:\/\/prodelcobre.cl\/nueva\/wp-content\/uploads\/2022\/11\/tierras-raras-geopolitica-recursos-naturales.jpg",1200,780,false],"large":["https:\/\/prodelcobre.cl\/nueva\/wp-content\/uploads\/2022\/11\/tierras-raras-geopolitica-recursos-naturales.jpg",1200,780,false],"1536x1536":["https:\/\/prodelcobre.cl\/nueva\/wp-content\/uploads\/2022\/11\/tierras-raras-geopolitica-recursos-naturales.jpg",1200,780,false],"2048x2048":["https:\/\/prodelcobre.cl\/nueva\/wp-content\/uploads\/2022\/11\/tierras-raras-geopolitica-recursos-naturales.jpg",1200,780,false],"morenews-featured":["https:\/\/prodelcobre.cl\/nueva\/wp-content\/uploads\/2022\/11\/tierras-raras-geopolitica-recursos-naturales.jpg",1024,666,false],"morenews-large":["https:\/\/prodelcobre.cl\/nueva\/wp-content\/uploads\/2022\/11\/tierras-raras-geopolitica-recursos-naturales.jpg",825,536,false],"morenews-medium":["https:\/\/prodelcobre.cl\/nueva\/wp-content\/uploads\/2022\/11\/tierras-raras-geopolitica-recursos-naturales.jpg",590,384,false],"psacp-medium":["https:\/\/prodelcobre.cl\/nueva\/wp-content\/uploads\/2022\/11\/tierras-raras-geopolitica-recursos-naturales.jpg",500,325,false]},"rttpg_author":{"display_name":"Francisco P\u00e9rez Alvi\u00e1rez","author_link":"https:\/\/prodelcobre.cl\/nueva\/author\/fperez\/"},"rttpg_comment":0,"rttpg_category":"<a href=\"https:\/\/prodelcobre.cl\/nueva\/category\/chile\/\" rel=\"category tag\">Chile<\/a> <a href=\"https:\/\/prodelcobre.cl\/nueva\/category\/noticias\/\" rel=\"category tag\">Noticias<\/a>","rttpg_excerpt":"Rodrigo Ceballos, gerente general de Biolant\u00e1nidos, \u00fanica empresa en Chile que se dedica a la extracci\u00f3n de lant\u00e1nidos","_links":{"self":[{"href":"https:\/\/prodelcobre.cl\/nueva\/wp-json\/wp\/v2\/posts\/6862","targetHints":{"allow":["GET"]}}],"collection":[{"href":"https:\/\/prodelcobre.cl\/nueva\/wp-json\/wp\/v2\/posts"}],"about":[{"href":"https:\/\/prodelcobre.cl\/nueva\/wp-json\/wp\/v2\/types\/post"}],"author":[{"embeddable":true,"href":"https:\/\/prodelcobre.cl\/nueva\/wp-json\/wp\/v2\/users\/3"}],"replies":[{"embeddable":true,"href":"https:\/\/prodelcobre.cl\/nueva\/wp-json\/wp\/v2\/comments?post=6862"}],"version-history":[{"count":2,"href":"https:\/\/prodelcobre.cl\/nueva\/wp-json\/wp\/v2\/posts\/6862\/revisions"}],"predecessor-version":[{"id":6865,"href":"https:\/\/prodelcobre.cl\/nueva\/wp-json\/wp\/v2\/posts\/6862\/revisions\/6865"}],"wp:featuredmedia":[{"embeddable":true,"href":"https:\/\/prodelcobre.cl\/nueva\/wp-json\/wp\/v2\/media\/6863"}],"wp:attachment":[{"href":"https:\/\/prodelcobre.cl\/nueva\/wp-json\/wp\/v2\/media?parent=6862"}],"wp:term":[{"taxonomy":"category","embeddable":true,"href":"https:\/\/prodelcobre.cl\/nueva\/wp-json\/wp\/v2\/categories?post=6862"},{"taxonomy":"post_tag","embeddable":true,"href":"https:\/\/prodelcobre.cl\/nueva\/wp-json\/wp\/v2\/tags?post=6862"}],"curies":[{"name":"wp","href":"https:\/\/api.w.org\/{rel}","templated":true}]}}