{"id":6868,"date":"2022-11-14T10:39:04","date_gmt":"2022-11-14T13:39:04","guid":{"rendered":"https:\/\/prodelcobre.cl\/nueva\/?p=6868"},"modified":"2022-11-14T10:39:05","modified_gmt":"2022-11-14T13:39:05","slug":"sector-minero-aumenta-su-consumo-energetico-en-medio-del-estancamiento-de-su-produccion","status":"publish","type":"post","link":"https:\/\/prodelcobre.cl\/nueva\/sector-minero-aumenta-su-consumo-energetico-en-medio-del-estancamiento-de-su-produccion\/","title":{"rendered":"Sector minero aumenta su consumo energ\u00e9tico en medio del estancamiento de su producci\u00f3n"},"content":{"rendered":"\n<h2 class=\"wp-block-heading\">A pesar de tener un cierre a la baja por cuarto a\u00f1o consecutivo, la miner\u00eda sigue aumentando su consumo energ\u00e9tico, de donde un 42% corresponde a suministros renovables.<\/h2>\n\n\n\n<p class=\"has-medium-font-size\">Pese a la realidad de un estancamiento de la producci\u00f3n este 2022, ha crecido el consumo energ\u00e9tico, esto seg\u00fan el \u00faltimo estudio de Cochilco, donde se rese\u00f1a que entre 2001 al 2021 la producci\u00f3n de cobre mina estuvo estable, con un incremento de un 19%, no obstante en ese lapso el consumo energ\u00e9tico de la miner\u00eda aument\u00f3 un 115%.<\/p>\n\n\n\n<p class=\"has-medium-font-size\">Al cierre del 2021, la industria minera del cobre tuvo un consumo total de energ\u00eda de 185.208 Terajulio (TJ), lo que representa alrededor del 15% del consumo agregado del pa\u00eds. De este total, 98.686 TJ son de energ\u00eda el\u00e9ctrica y 86.522 TJ por consumo de combustibles.<\/p>\n\n\n\n<p class=\"has-medium-font-size\">Desglosando por tipo de energ\u00eda, el consumo el\u00e9ctrico subi\u00f3 un 109% y el de combustibles un 122%, en el per\u00edodo 2001-2021, lo que se atribuye a causas estructurales y de producci\u00f3n en la industria del cobre nacional.<\/p>\n","protected":false},"excerpt":{"rendered":"<p>A pesar de tener un cierre a la baja por cuarto a\u00f1o consecutivo, la miner\u00eda sigue aumentando su<\/p>\n","protected":false},"author":3,"featured_media":6451,"comment_status":"closed","ping_status":"closed","sticky":false,"template":"","format":"standard","meta":{"footnotes":""},"categories":[51,59,52],"tags":[237],"class_list":["post-6868","post","type-post","status-publish","format-standard","has-post-thumbnail","hentry","category-chile","category-energia","category-noticias","tag-energia-2"],"rttpg_featured_image_url":{"full":["https:\/\/prodelcobre.cl\/nueva\/wp-content\/uploads\/2022\/09\/camion-mineria.jpeg",850,560,false],"landscape":["https:\/\/prodelcobre.cl\/nueva\/wp-content\/uploads\/2022\/09\/camion-mineria.jpeg",850,560,false],"portraits":["https:\/\/prodelcobre.cl\/nueva\/wp-content\/uploads\/2022\/09\/camion-mineria.jpeg",850,560,false],"thumbnail":["https:\/\/prodelcobre.cl\/nueva\/wp-content\/uploads\/2022\/09\/camion-mineria-150x150.jpeg",150,150,true],"medium":["https:\/\/prodelcobre.cl\/nueva\/wp-content\/uploads\/2022\/09\/camion-mineria.jpeg",850,560,false],"large":["https:\/\/prodelcobre.cl\/nueva\/wp-content\/uploads\/2022\/09\/camion-mineria.jpeg",850,560,false],"1536x1536":["https:\/\/prodelcobre.cl\/nueva\/wp-content\/uploads\/2022\/09\/camion-mineria.jpeg",850,560,false],"2048x2048":["https:\/\/prodelcobre.cl\/nueva\/wp-content\/uploads\/2022\/09\/camion-mineria.jpeg",850,560,false],"morenews-featured":["https:\/\/prodelcobre.cl\/nueva\/wp-content\/uploads\/2022\/09\/camion-mineria.jpeg",850,560,false],"morenews-large":["https:\/\/prodelcobre.cl\/nueva\/wp-content\/uploads\/2022\/09\/camion-mineria.jpeg",825,544,false],"morenews-medium":["https:\/\/prodelcobre.cl\/nueva\/wp-content\/uploads\/2022\/09\/camion-mineria.jpeg",590,389,false],"psacp-medium":["https:\/\/prodelcobre.cl\/nueva\/wp-content\/uploads\/2022\/09\/camion-mineria.jpeg",500,329,false]},"rttpg_author":{"display_name":"Francisco P\u00e9rez Alvi\u00e1rez","author_link":"https:\/\/prodelcobre.cl\/nueva\/author\/fperez\/"},"rttpg_comment":0,"rttpg_category":"<a href=\"https:\/\/prodelcobre.cl\/nueva\/category\/chile\/\" rel=\"category tag\">Chile<\/a> <a href=\"https:\/\/prodelcobre.cl\/nueva\/category\/energia\/\" rel=\"category tag\">Energ\u00eda<\/a> <a href=\"https:\/\/prodelcobre.cl\/nueva\/category\/noticias\/\" rel=\"category tag\">Noticias<\/a>","rttpg_excerpt":"A pesar de tener un cierre a la baja por cuarto a\u00f1o consecutivo, la miner\u00eda sigue aumentando su","_links":{"self":[{"href":"https:\/\/prodelcobre.cl\/nueva\/wp-json\/wp\/v2\/posts\/6868","targetHints":{"allow":["GET"]}}],"collection":[{"href":"https:\/\/prodelcobre.cl\/nueva\/wp-json\/wp\/v2\/posts"}],"about":[{"href":"https:\/\/prodelcobre.cl\/nueva\/wp-json\/wp\/v2\/types\/post"}],"author":[{"embeddable":true,"href":"https:\/\/prodelcobre.cl\/nueva\/wp-json\/wp\/v2\/users\/3"}],"replies":[{"embeddable":true,"href":"https:\/\/prodelcobre.cl\/nueva\/wp-json\/wp\/v2\/comments?post=6868"}],"version-history":[{"count":1,"href":"https:\/\/prodelcobre.cl\/nueva\/wp-json\/wp\/v2\/posts\/6868\/revisions"}],"predecessor-version":[{"id":6869,"href":"https:\/\/prodelcobre.cl\/nueva\/wp-json\/wp\/v2\/posts\/6868\/revisions\/6869"}],"wp:featuredmedia":[{"embeddable":true,"href":"https:\/\/prodelcobre.cl\/nueva\/wp-json\/wp\/v2\/media\/6451"}],"wp:attachment":[{"href":"https:\/\/prodelcobre.cl\/nueva\/wp-json\/wp\/v2\/media?parent=6868"}],"wp:term":[{"taxonomy":"category","embeddable":true,"href":"https:\/\/prodelcobre.cl\/nueva\/wp-json\/wp\/v2\/categories?post=6868"},{"taxonomy":"post_tag","embeddable":true,"href":"https:\/\/prodelcobre.cl\/nueva\/wp-json\/wp\/v2\/tags?post=6868"}],"curies":[{"name":"wp","href":"https:\/\/api.w.org\/{rel}","templated":true}]}}