{"id":6870,"date":"2022-11-14T10:57:07","date_gmt":"2022-11-14T13:57:07","guid":{"rendered":"https:\/\/prodelcobre.cl\/nueva\/?p=6870"},"modified":"2022-11-14T10:57:09","modified_gmt":"2022-11-14T13:57:09","slug":"30-expositores-participaran-en-congreso-de-mineria-sustentable-en-la-universidad-de-antofagasta","status":"publish","type":"post","link":"https:\/\/prodelcobre.cl\/nueva\/30-expositores-participaran-en-congreso-de-mineria-sustentable-en-la-universidad-de-antofagasta\/","title":{"rendered":"30 expositores participar\u00e1n en congreso de miner\u00eda sustentable en la Universidad de Antofagasta"},"content":{"rendered":"\n<h2 class=\"wp-block-heading\">\u201cDesaf\u00edos de una Miner\u00eda Sustentable\u201d es el nombre del Congreso que este jueves 17 y viernes 18 de noviembre reunir\u00e1 en el Campus Angamos de la Universidad de Antofagasta a destacados expertos, autoridades y ejecutivos de esta industria.<\/h2>\n\n\n\n<p class=\"has-medium-font-size\">La iniciativa es organizada por el Grupo de Investigaci\u00f3n de Econom\u00eda Minera, integrado por acad\u00e9micos de los departamentos de Ingenier\u00eda Comercial, Ingenier\u00eda Industrial e Ingenier\u00eda en Minas, de la Facultad de Ingenier\u00eda de la UA, y se desarrollar\u00e1 en formato presencial en el Sal\u00f3n Horacio Mel\u00e9ndez, aunque adem\u00e1s ser\u00e1 transmitido v\u00eda webinar a trav\u00e9s del link: https:\/\/prorec.cl\/congreso.<br><br>El presidente del congreso y director del Departamento de Ingenier\u00eda en Minas de la UA, Jorge Clunes, explic\u00f3 que esta iniciativa busca poner sobre la mesa distintas miradas sobre la miner\u00eda sustentable y el futuro de esta industria. \u201cLa miner\u00eda para ser sustentable debe combinar la dimensi\u00f3n econ\u00f3mica, con la medioambiental y el respeto a las comunidades, y a trav\u00e9s de este congreso buscamos contribuir a esa forma moderna de hacer miner\u00eda\u201d, afirm\u00f3.<br><br>Clunes destac\u00f3 que en el encuentro se analizar\u00e1n temas de tanta relevancia como litio y energ\u00edas limpias, aprovechamiento del agua, miner\u00eda verde, cambio clim\u00e1tico, protecci\u00f3n de salares y electromovilidad, junto a aspectos regulatorios, tributarios, de vinculaci\u00f3n con el territorio y muchos otros.<br><br>Seg\u00fan el acad\u00e9mico, la iniciativa adem\u00e1s es el primer paso la formaci\u00f3n en la Universidad de Antofagasta de un centro de investigaci\u00f3n que aborde temas de econom\u00eda minera desde la academia, pero enfocado en sus efectos en la Regi\u00f3n<br>de Antofagasta. \u201cEste nuevo centro analizar\u00e1 los efectos socio-medioambientales derivados de la industria, para luego generar conocimiento sobre la miner\u00eda y su impacto en el desarrollo econ\u00f3mico nacional y regional\u201d, dijo.<br><br>En la jornada inaugural, programada para el jueves 17 de noviembre, entre las 8.30 y 9.45 horas, expondr\u00e1 el rector de la UA, Dr. Marcos Cikutovic, adem\u00e1s del presidente del congreso, Jorge Clunes, y la vicepresidenta del encuentro, Ruth<br>Rade. Tambi\u00e9n est\u00e1n contempladas las intervenciones de la ministra de Miner\u00eda, Marcela Hernando, y del gobernador regional, Ricardo D\u00edaz. En total, ser\u00e1n 30 los expositores que presentar\u00e1n sus trabajos en los dos d\u00edas del congreso. Entre las ponencias destacan \u201cDesaf\u00edos de la Miner\u00eda Chilena y Local\u201d, \u201c\u00bfC\u00f3mo hacer Miner\u00eda Verde y Eficiente con baja ley?\u201d, \u201cPrototipos de bater\u00edas de litio\u201d, \u201cRoyalty Minero\u201d, \u201cRoyalty en Chile y producci\u00f3n de cobre a largo plazo\u201d y<br>\u201cCadena de suministros en la Regi\u00f3n de Antofagasta\u201d. Las dos jornadas terminan con un panel, que llevan por t\u00edtulo \u201cMedioambiente y Miner\u00eda\u201d y \u201cLegislaci\u00f3n\u201d.<\/p>\n\n\n\n<p class=\"has-medium-font-size\">Las jornadas de la tarde est\u00e1n reservadas para trabajos acad\u00e9micos. Entre estas exposiciones destacan \u201cOportunidades y Desaf\u00edos de la Industria del Litio en Chile\u201d, a cargo del acad\u00e9mico de la Universidad Adolfo Ib\u00e1\u00f1ez, Eduardo Bitr\u00e1n; y<br>\u201cUna visi\u00f3n sobre la Miner\u00eda en Chile desde los criterios actuales de Ciencia, Tecnolog\u00eda, Innovaci\u00f3n y Desarrollo\u201d, por el doctor Guillermo Chong, investigador y acad\u00e9mico de la UCN, entre otras ponencias de gran nivel. <br><br>Ruth Rade, vicepresidenta del encuentro y directora del Departamento de Ingenier\u00eda Comercial, destac\u00f3 que este congreso es pionero y busca ampliar las fronteras del conocimiento sobre la miner\u00eda, pero desde la econom\u00eda y extracci\u00f3n sustentable de los recursos.<br><br>Respecto al nuevo centro que se proyecta concretar, la acad\u00e9mica coment\u00f3 que se ocupar\u00e1 de proponer pol\u00edticas de inter\u00e9s p\u00fablico nacional para proteger el medio ambiente y agregar valor a las materias primas producidas en la regi\u00f3n. <br><br>M\u00e1s informaci\u00f3n se puede encontrar en el sitio web del congreso <a href=\"http:\/\/www.congresoeconomiaminera.cl\/wp\" target=\"_blank\" rel=\"noreferrer noopener\">www.congresoeconomiaminera.cl\/wp<\/a><\/p>\n","protected":false},"excerpt":{"rendered":"<p>\u201cDesaf\u00edos de una Miner\u00eda Sustentable\u201d es el nombre del Congreso que este jueves 17 y viernes 18 de<\/p>\n","protected":false},"author":3,"featured_media":6871,"comment_status":"closed","ping_status":"closed","sticky":false,"template":"","format":"standard","meta":{"footnotes":""},"categories":[51,52],"tags":[179],"class_list":["post-6870","post","type-post","status-publish","format-standard","has-post-thumbnail","hentry","category-chile","category-noticias","tag-antofagasta"],"rttpg_featured_image_url":{"full":["https:\/\/prodelcobre.cl\/nueva\/wp-content\/uploads\/2022\/11\/mineria-referencial.jpg",2200,1428,false],"landscape":["https:\/\/prodelcobre.cl\/nueva\/wp-content\/uploads\/2022\/11\/mineria-referencial.jpg",2200,1428,false],"portraits":["https:\/\/prodelcobre.cl\/nueva\/wp-content\/uploads\/2022\/11\/mineria-referencial.jpg",2200,1428,false],"thumbnail":["https:\/\/prodelcobre.cl\/nueva\/wp-content\/uploads\/2022\/11\/mineria-referencial-150x150.jpg",150,150,true],"medium":["https:\/\/prodelcobre.cl\/nueva\/wp-content\/uploads\/2022\/11\/mineria-referencial.jpg",2200,1428,false],"large":["https:\/\/prodelcobre.cl\/nueva\/wp-content\/uploads\/2022\/11\/mineria-referencial.jpg",2200,1428,false],"1536x1536":["https:\/\/prodelcobre.cl\/nueva\/wp-content\/uploads\/2022\/11\/mineria-referencial-1536x997.jpg",1536,997,true],"2048x2048":["https:\/\/prodelcobre.cl\/nueva\/wp-content\/uploads\/2022\/11\/mineria-referencial-2048x1329.jpg",2048,1329,true],"morenews-featured":["https:\/\/prodelcobre.cl\/nueva\/wp-content\/uploads\/2022\/11\/mineria-referencial.jpg",1024,665,false],"morenews-large":["https:\/\/prodelcobre.cl\/nueva\/wp-content\/uploads\/2022\/11\/mineria-referencial.jpg",825,536,false],"morenews-medium":["https:\/\/prodelcobre.cl\/nueva\/wp-content\/uploads\/2022\/11\/mineria-referencial.jpg",590,383,false],"psacp-medium":["https:\/\/prodelcobre.cl\/nueva\/wp-content\/uploads\/2022\/11\/mineria-referencial.jpg",500,325,false]},"rttpg_author":{"display_name":"Francisco P\u00e9rez Alvi\u00e1rez","author_link":"https:\/\/prodelcobre.cl\/nueva\/author\/fperez\/"},"rttpg_comment":0,"rttpg_category":"<a href=\"https:\/\/prodelcobre.cl\/nueva\/category\/chile\/\" rel=\"category tag\">Chile<\/a> <a href=\"https:\/\/prodelcobre.cl\/nueva\/category\/noticias\/\" rel=\"category tag\">Noticias<\/a>","rttpg_excerpt":"\u201cDesaf\u00edos de una Miner\u00eda Sustentable\u201d es el nombre del Congreso que este jueves 17 y viernes 18 de","_links":{"self":[{"href":"https:\/\/prodelcobre.cl\/nueva\/wp-json\/wp\/v2\/posts\/6870","targetHints":{"allow":["GET"]}}],"collection":[{"href":"https:\/\/prodelcobre.cl\/nueva\/wp-json\/wp\/v2\/posts"}],"about":[{"href":"https:\/\/prodelcobre.cl\/nueva\/wp-json\/wp\/v2\/types\/post"}],"author":[{"embeddable":true,"href":"https:\/\/prodelcobre.cl\/nueva\/wp-json\/wp\/v2\/users\/3"}],"replies":[{"embeddable":true,"href":"https:\/\/prodelcobre.cl\/nueva\/wp-json\/wp\/v2\/comments?post=6870"}],"version-history":[{"count":1,"href":"https:\/\/prodelcobre.cl\/nueva\/wp-json\/wp\/v2\/posts\/6870\/revisions"}],"predecessor-version":[{"id":6872,"href":"https:\/\/prodelcobre.cl\/nueva\/wp-json\/wp\/v2\/posts\/6870\/revisions\/6872"}],"wp:featuredmedia":[{"embeddable":true,"href":"https:\/\/prodelcobre.cl\/nueva\/wp-json\/wp\/v2\/media\/6871"}],"wp:attachment":[{"href":"https:\/\/prodelcobre.cl\/nueva\/wp-json\/wp\/v2\/media?parent=6870"}],"wp:term":[{"taxonomy":"category","embeddable":true,"href":"https:\/\/prodelcobre.cl\/nueva\/wp-json\/wp\/v2\/categories?post=6870"},{"taxonomy":"post_tag","embeddable":true,"href":"https:\/\/prodelcobre.cl\/nueva\/wp-json\/wp\/v2\/tags?post=6870"}],"curies":[{"name":"wp","href":"https:\/\/api.w.org\/{rel}","templated":true}]}}