{"id":6874,"date":"2022-11-15T10:17:07","date_gmt":"2022-11-15T13:17:07","guid":{"rendered":"https:\/\/prodelcobre.cl\/nueva\/?p=6874"},"modified":"2022-11-15T10:17:11","modified_gmt":"2022-11-15T13:17:11","slug":"baja-en-la-inflacion-de-ee-uu-impulso-precio-del-cobre","status":"publish","type":"post","link":"https:\/\/prodelcobre.cl\/nueva\/baja-en-la-inflacion-de-ee-uu-impulso-precio-del-cobre\/","title":{"rendered":"Baja en la inflaci\u00f3n de EE.UU. impuls\u00f3 precio del cobre"},"content":{"rendered":"\n<h2 class=\"wp-block-heading\">La inflaci\u00f3n en EE.UU. fue menor a la que se proyectaba, lo que impact\u00f3 de manera directa en los precios del cobre a nivel mundial.<\/h2>\n\n\n\n<p class=\"has-medium-font-size\">Seg\u00fan Cochilco en su informe semanal del Mercado Internacional del Cobre, los precios del metal rojo se vieron afectados de manera positiva por una inesperada baja en la inflaci\u00f3n de la potencia norteamericana, situando al cobre <strong>en cUS$ 382,9 la libra<\/strong>, equivalente a un alza de 6,8% respecto 4 de noviembre.\u00a0 <\/p>\n\n\n\n<p class=\"has-medium-font-size\">Por su parte, en China las importaciones de concentrados de cobre se incrementaron 3,8% en octubre respecto a igual mes del 2021 incidiendo tambi\u00e9n en los precios el hecho de que el Comit\u00e9 Permanente del Politbur\u00f3 de\u00a0<strong>China comenz\u00f3 a flexibilizar la pol\u00edtica cero Covid<\/strong>, lo que dio un impulso a las materias primas.<\/p>\n\n\n\n<p class=\"has-medium-font-size\">Las medidas implementadas por el gigante asi\u00e1tico c<strong>onsistieron en acortar las cuarentenas en dos d\u00edas<\/strong>\u00a0para los contactos cercanos de personas infectadas y viajeros entrantes, adem\u00e1s de la\u00a0<strong>eliminaci\u00f3n de sanciones para las aerol\u00edneas\u00a0<\/strong>que transportaban muchos casos.<\/p>\n","protected":false},"excerpt":{"rendered":"<p>La inflaci\u00f3n en EE.UU. fue menor a la que se proyectaba, lo que impact\u00f3 de manera directa en<\/p>\n","protected":false},"author":3,"featured_media":3894,"comment_status":"closed","ping_status":"closed","sticky":false,"template":"","format":"standard","meta":{"footnotes":""},"categories":[51,57,52],"tags":[78],"class_list":["post-6874","post","type-post","status-publish","format-standard","has-post-thumbnail","hentry","category-chile","category-internacional","category-noticias","tag-cobre"],"rttpg_featured_image_url":{"full":["https:\/\/prodelcobre.cl\/nueva\/wp-content\/uploads\/2021\/02\/cobre-4-e1568159041473.jpg",800,400,false],"landscape":["https:\/\/prodelcobre.cl\/nueva\/wp-content\/uploads\/2021\/02\/cobre-4-e1568159041473.jpg",800,400,false],"portraits":["https:\/\/prodelcobre.cl\/nueva\/wp-content\/uploads\/2021\/02\/cobre-4-e1568159041473.jpg",800,400,false],"thumbnail":["https:\/\/prodelcobre.cl\/nueva\/wp-content\/uploads\/2021\/02\/cobre-4-e1568159041473-150x150.jpg",150,150,true],"medium":["https:\/\/prodelcobre.cl\/nueva\/wp-content\/uploads\/2021\/02\/cobre-4-e1568159041473.jpg",800,400,false],"large":["https:\/\/prodelcobre.cl\/nueva\/wp-content\/uploads\/2021\/02\/cobre-4-e1568159041473.jpg",800,400,false],"1536x1536":["https:\/\/prodelcobre.cl\/nueva\/wp-content\/uploads\/2021\/02\/cobre-4-e1568159041473.jpg",800,400,false],"2048x2048":["https:\/\/prodelcobre.cl\/nueva\/wp-content\/uploads\/2021\/02\/cobre-4-e1568159041473.jpg",800,400,false],"morenews-featured":["https:\/\/prodelcobre.cl\/nueva\/wp-content\/uploads\/2021\/02\/cobre-4-e1568159041473.jpg",800,400,false],"morenews-large":["https:\/\/prodelcobre.cl\/nueva\/wp-content\/uploads\/2021\/02\/cobre-4-e1568159041473.jpg",800,400,false],"morenews-medium":["https:\/\/prodelcobre.cl\/nueva\/wp-content\/uploads\/2021\/02\/cobre-4-e1568159041473.jpg",590,295,false],"psacp-medium":["https:\/\/prodelcobre.cl\/nueva\/wp-content\/uploads\/2021\/02\/cobre-4-e1568159041473.jpg",500,250,false]},"rttpg_author":{"display_name":"Francisco P\u00e9rez Alvi\u00e1rez","author_link":"https:\/\/prodelcobre.cl\/nueva\/author\/fperez\/"},"rttpg_comment":0,"rttpg_category":"<a href=\"https:\/\/prodelcobre.cl\/nueva\/category\/chile\/\" rel=\"category tag\">Chile<\/a> <a href=\"https:\/\/prodelcobre.cl\/nueva\/category\/internacional\/\" rel=\"category tag\">Internacional<\/a> <a href=\"https:\/\/prodelcobre.cl\/nueva\/category\/noticias\/\" rel=\"category tag\">Noticias<\/a>","rttpg_excerpt":"La inflaci\u00f3n en EE.UU. fue menor a la que se proyectaba, lo que impact\u00f3 de manera directa en","_links":{"self":[{"href":"https:\/\/prodelcobre.cl\/nueva\/wp-json\/wp\/v2\/posts\/6874","targetHints":{"allow":["GET"]}}],"collection":[{"href":"https:\/\/prodelcobre.cl\/nueva\/wp-json\/wp\/v2\/posts"}],"about":[{"href":"https:\/\/prodelcobre.cl\/nueva\/wp-json\/wp\/v2\/types\/post"}],"author":[{"embeddable":true,"href":"https:\/\/prodelcobre.cl\/nueva\/wp-json\/wp\/v2\/users\/3"}],"replies":[{"embeddable":true,"href":"https:\/\/prodelcobre.cl\/nueva\/wp-json\/wp\/v2\/comments?post=6874"}],"version-history":[{"count":1,"href":"https:\/\/prodelcobre.cl\/nueva\/wp-json\/wp\/v2\/posts\/6874\/revisions"}],"predecessor-version":[{"id":6875,"href":"https:\/\/prodelcobre.cl\/nueva\/wp-json\/wp\/v2\/posts\/6874\/revisions\/6875"}],"wp:featuredmedia":[{"embeddable":true,"href":"https:\/\/prodelcobre.cl\/nueva\/wp-json\/wp\/v2\/media\/3894"}],"wp:attachment":[{"href":"https:\/\/prodelcobre.cl\/nueva\/wp-json\/wp\/v2\/media?parent=6874"}],"wp:term":[{"taxonomy":"category","embeddable":true,"href":"https:\/\/prodelcobre.cl\/nueva\/wp-json\/wp\/v2\/categories?post=6874"},{"taxonomy":"post_tag","embeddable":true,"href":"https:\/\/prodelcobre.cl\/nueva\/wp-json\/wp\/v2\/tags?post=6874"}],"curies":[{"name":"wp","href":"https:\/\/api.w.org\/{rel}","templated":true}]}}