{"id":6876,"date":"2022-11-15T10:38:45","date_gmt":"2022-11-15T13:38:45","guid":{"rendered":"https:\/\/prodelcobre.cl\/nueva\/?p=6876"},"modified":"2022-11-15T10:38:47","modified_gmt":"2022-11-15T13:38:47","slug":"ministra-hernando-en-copper-2022-creemos-en-que-la-actividad-minera-debe-estar-al-servicio-de-los-nuevos-desafios-sociales-y-ambientales-que-enfrentamos","status":"publish","type":"post","link":"https:\/\/prodelcobre.cl\/nueva\/ministra-hernando-en-copper-2022-creemos-en-que-la-actividad-minera-debe-estar-al-servicio-de-los-nuevos-desafios-sociales-y-ambientales-que-enfrentamos\/","title":{"rendered":"Ministra Hernando en Copper 2022: &#8220;Creemos en que la actividad minera debe estar al servicio de los nuevos desaf\u00edos sociales y ambientales que enfrentamos&#8221;"},"content":{"rendered":"\n<h2 class=\"wp-block-heading\">En el marco de la inauguraci\u00f3n de la Conferencia Internacional Copper 2022, la ministra de Miner\u00eda se pronunci\u00f3 respecto a los nuevos desaf\u00edos que enfrenta la industria.<\/h2>\n\n\n\n<p class=\"has-medium-font-size\">Este lunes se realiz\u00f3 la inauguraci\u00f3n de Copper 2022 que agrupa a los m\u00e1s importantes representantes a nivel mundial del sector minero, y en el caso de Chile, cont\u00f3 con la participaci\u00f3n de personalidades como la ministra de Miner\u00eda, Marcela Hernando; el senador de la Rep\u00fablica, Francisco Chahu\u00e1n; el presidente de la Conferencia y presidente de Antofagasta Plc, Iv\u00e1n Arriagada, el presidente del Instituto de Ingenieros de Minas, IIMCh; Sergio Demetrio y el Mananging Director del Copper 2022, Fernando Silva.<\/p>\n\n\n\n<p class=\"has-medium-font-size\">En el caso de la ministra Hernando, dio inicio a su intervenci\u00f3n indicando la importancia de Copper 2022 como un evento para estrechar lazos y compartir con otros pa\u00edses productores de cobre la visi\u00f3n de una miner\u00eda sostenible, tambi\u00e9n la ministra se refiri\u00f3 al papel de la industria en el enfrentamiento contra la crisis clim\u00e1tica global y sus desaf\u00edos para el futuro pr\u00f3ximo.<br><br>&#8220;Creemos en que la actividad minera debe estar al servicio de los nuevos desaf\u00edos sociales y ambientales que enfrentamos como sociedad. Por eso valoramos las instancias de reuni\u00f3n en torno al desarrollo de la industria minera y, especialmente, en tem\u00e1ticas relacionadas al cobre&#8221;, se\u00f1al\u00f3.<br><br>Durante la jornada se realizaron charlas t\u00e9cnicas, plenarios, mesas redondas centrados en temas de la industria desde la electrometalurgia hasta el futuro de la miner\u00eda. Cada uno de ellos con expositores de renombre en el sector minero a nivel nacional e internacional<\/p>\n","protected":false},"excerpt":{"rendered":"<p>En el marco de la inauguraci\u00f3n de la Conferencia Internacional Copper 2022, la ministra de Miner\u00eda se pronunci\u00f3<\/p>\n","protected":false},"author":3,"featured_media":6877,"comment_status":"closed","ping_status":"closed","sticky":false,"template":"","format":"standard","meta":{"footnotes":""},"categories":[51,52],"tags":[324],"class_list":["post-6876","post","type-post","status-publish","format-standard","has-post-thumbnail","hentry","category-chile","category-noticias","tag-copper2022"],"rttpg_featured_image_url":{"full":["https:\/\/prodelcobre.cl\/nueva\/wp-content\/uploads\/2022\/11\/copper.jpg",1599,899,false],"landscape":["https:\/\/prodelcobre.cl\/nueva\/wp-content\/uploads\/2022\/11\/copper.jpg",1599,899,false],"portraits":["https:\/\/prodelcobre.cl\/nueva\/wp-content\/uploads\/2022\/11\/copper.jpg",1599,899,false],"thumbnail":["https:\/\/prodelcobre.cl\/nueva\/wp-content\/uploads\/2022\/11\/copper-150x150.jpg",150,150,true],"medium":["https:\/\/prodelcobre.cl\/nueva\/wp-content\/uploads\/2022\/11\/copper.jpg",1599,899,false],"large":["https:\/\/prodelcobre.cl\/nueva\/wp-content\/uploads\/2022\/11\/copper.jpg",1599,899,false],"1536x1536":["https:\/\/prodelcobre.cl\/nueva\/wp-content\/uploads\/2022\/11\/copper-1536x864.jpg",1536,864,true],"2048x2048":["https:\/\/prodelcobre.cl\/nueva\/wp-content\/uploads\/2022\/11\/copper.jpg",1599,899,false],"morenews-featured":["https:\/\/prodelcobre.cl\/nueva\/wp-content\/uploads\/2022\/11\/copper.jpg",1024,576,false],"morenews-large":["https:\/\/prodelcobre.cl\/nueva\/wp-content\/uploads\/2022\/11\/copper.jpg",825,464,false],"morenews-medium":["https:\/\/prodelcobre.cl\/nueva\/wp-content\/uploads\/2022\/11\/copper.jpg",590,332,false],"psacp-medium":["https:\/\/prodelcobre.cl\/nueva\/wp-content\/uploads\/2022\/11\/copper.jpg",500,281,false]},"rttpg_author":{"display_name":"Francisco P\u00e9rez Alvi\u00e1rez","author_link":"https:\/\/prodelcobre.cl\/nueva\/author\/fperez\/"},"rttpg_comment":0,"rttpg_category":"<a href=\"https:\/\/prodelcobre.cl\/nueva\/category\/chile\/\" rel=\"category tag\">Chile<\/a> <a href=\"https:\/\/prodelcobre.cl\/nueva\/category\/noticias\/\" rel=\"category tag\">Noticias<\/a>","rttpg_excerpt":"En el marco de la inauguraci\u00f3n de la Conferencia Internacional Copper 2022, la ministra de Miner\u00eda se pronunci\u00f3","_links":{"self":[{"href":"https:\/\/prodelcobre.cl\/nueva\/wp-json\/wp\/v2\/posts\/6876","targetHints":{"allow":["GET"]}}],"collection":[{"href":"https:\/\/prodelcobre.cl\/nueva\/wp-json\/wp\/v2\/posts"}],"about":[{"href":"https:\/\/prodelcobre.cl\/nueva\/wp-json\/wp\/v2\/types\/post"}],"author":[{"embeddable":true,"href":"https:\/\/prodelcobre.cl\/nueva\/wp-json\/wp\/v2\/users\/3"}],"replies":[{"embeddable":true,"href":"https:\/\/prodelcobre.cl\/nueva\/wp-json\/wp\/v2\/comments?post=6876"}],"version-history":[{"count":1,"href":"https:\/\/prodelcobre.cl\/nueva\/wp-json\/wp\/v2\/posts\/6876\/revisions"}],"predecessor-version":[{"id":6878,"href":"https:\/\/prodelcobre.cl\/nueva\/wp-json\/wp\/v2\/posts\/6876\/revisions\/6878"}],"wp:featuredmedia":[{"embeddable":true,"href":"https:\/\/prodelcobre.cl\/nueva\/wp-json\/wp\/v2\/media\/6877"}],"wp:attachment":[{"href":"https:\/\/prodelcobre.cl\/nueva\/wp-json\/wp\/v2\/media?parent=6876"}],"wp:term":[{"taxonomy":"category","embeddable":true,"href":"https:\/\/prodelcobre.cl\/nueva\/wp-json\/wp\/v2\/categories?post=6876"},{"taxonomy":"post_tag","embeddable":true,"href":"https:\/\/prodelcobre.cl\/nueva\/wp-json\/wp\/v2\/tags?post=6876"}],"curies":[{"name":"wp","href":"https:\/\/api.w.org\/{rel}","templated":true}]}}