{"id":6879,"date":"2022-11-15T12:51:25","date_gmt":"2022-11-15T15:51:25","guid":{"rendered":"https:\/\/prodelcobre.cl\/nueva\/?p=6879"},"modified":"2022-11-15T12:51:26","modified_gmt":"2022-11-15T15:51:26","slug":"comites-paritarios-de-codelco-andina-estaran-presididos-por-mujeres","status":"publish","type":"post","link":"https:\/\/prodelcobre.cl\/nueva\/comites-paritarios-de-codelco-andina-estaran-presididos-por-mujeres\/","title":{"rendered":"Comit\u00e9s Paritarios de Codelco Andina estar\u00e1n presididos por mujeres"},"content":{"rendered":"\n<h2 class=\"wp-block-heading\">Dos j\u00f3venes mujeres presidir\u00e1n los los Comit\u00e9s Paritarios de Higiene y Seguridad (CPHS) en la Planta de Molibdeno y Filtrado de Cobre (PMFC) y la Mina Rajo<\/h2>\n\n\n\n<p class=\"has-medium-font-size\">Camila Trivi\u00f1o y Teresa V\u00e1squez presidir\u00e1n los Comit\u00e9s Paritarios de Higiene y Seguridad (CPHS) de Codelco Divisi\u00f3n Andina en la Planta de Molibdeno y Filtrado de Cobre (PMFC) y la Mina Rajo, respectivamente, marcando un paso importante en la equidad de genero en la principal industria del pa\u00eds.<\/p>\n\n\n\n<p class=\"has-medium-font-size\">Las dos nuevas presidentas tienen la misi\u00f3n de liderar a sus grupos de trabajo, motivar a sus compa\u00f1eras y compa\u00f1eros, adem\u00e1s de encantarlos con la seguridad y la salud ocupacional.<\/p>\n\n\n\n<p class=\"has-medium-font-size\">Este es un nuevo paso dentro de los esfuerzos que realiza Codelco Andina por integrar cada d\u00eda a m\u00e1s mujeres en cargos de responsabilidad, tal como ha ocurrido en otras instancias como la designaci\u00f3n de jefas de turno en la Gerencia de Recursos H\u00eddricos Concentrados y Relaves.<\/p>\n","protected":false},"excerpt":{"rendered":"<p>Dos j\u00f3venes mujeres presidir\u00e1n los los Comit\u00e9s Paritarios de Higiene y Seguridad (CPHS) en la Planta de Molibdeno<\/p>\n","protected":false},"author":3,"featured_media":6030,"comment_status":"closed","ping_status":"closed","sticky":false,"template":"","format":"standard","meta":{"footnotes":""},"categories":[51,52],"tags":[101],"class_list":["post-6879","post","type-post","status-publish","format-standard","has-post-thumbnail","hentry","category-chile","category-noticias","tag-codelco"],"rttpg_featured_image_url":{"full":["https:\/\/prodelcobre.cl\/nueva\/wp-content\/uploads\/2022\/07\/Codelco.jpg",710,399,false],"landscape":["https:\/\/prodelcobre.cl\/nueva\/wp-content\/uploads\/2022\/07\/Codelco.jpg",710,399,false],"portraits":["https:\/\/prodelcobre.cl\/nueva\/wp-content\/uploads\/2022\/07\/Codelco.jpg",710,399,false],"thumbnail":["https:\/\/prodelcobre.cl\/nueva\/wp-content\/uploads\/2022\/07\/Codelco-150x150.jpg",150,150,true],"medium":["https:\/\/prodelcobre.cl\/nueva\/wp-content\/uploads\/2022\/07\/Codelco.jpg",710,399,false],"large":["https:\/\/prodelcobre.cl\/nueva\/wp-content\/uploads\/2022\/07\/Codelco.jpg",710,399,false],"1536x1536":["https:\/\/prodelcobre.cl\/nueva\/wp-content\/uploads\/2022\/07\/Codelco.jpg",710,399,false],"2048x2048":["https:\/\/prodelcobre.cl\/nueva\/wp-content\/uploads\/2022\/07\/Codelco.jpg",710,399,false],"morenews-featured":["https:\/\/prodelcobre.cl\/nueva\/wp-content\/uploads\/2022\/07\/Codelco.jpg",710,399,false],"morenews-large":["https:\/\/prodelcobre.cl\/nueva\/wp-content\/uploads\/2022\/07\/Codelco.jpg",710,399,false],"morenews-medium":["https:\/\/prodelcobre.cl\/nueva\/wp-content\/uploads\/2022\/07\/Codelco.jpg",590,332,false],"psacp-medium":["https:\/\/prodelcobre.cl\/nueva\/wp-content\/uploads\/2022\/07\/Codelco.jpg",500,281,false]},"rttpg_author":{"display_name":"Francisco P\u00e9rez Alvi\u00e1rez","author_link":"https:\/\/prodelcobre.cl\/nueva\/author\/fperez\/"},"rttpg_comment":0,"rttpg_category":"<a href=\"https:\/\/prodelcobre.cl\/nueva\/category\/chile\/\" rel=\"category tag\">Chile<\/a> <a href=\"https:\/\/prodelcobre.cl\/nueva\/category\/noticias\/\" rel=\"category tag\">Noticias<\/a>","rttpg_excerpt":"Dos j\u00f3venes mujeres presidir\u00e1n los los Comit\u00e9s Paritarios de Higiene y Seguridad (CPHS) en la Planta de Molibdeno","_links":{"self":[{"href":"https:\/\/prodelcobre.cl\/nueva\/wp-json\/wp\/v2\/posts\/6879","targetHints":{"allow":["GET"]}}],"collection":[{"href":"https:\/\/prodelcobre.cl\/nueva\/wp-json\/wp\/v2\/posts"}],"about":[{"href":"https:\/\/prodelcobre.cl\/nueva\/wp-json\/wp\/v2\/types\/post"}],"author":[{"embeddable":true,"href":"https:\/\/prodelcobre.cl\/nueva\/wp-json\/wp\/v2\/users\/3"}],"replies":[{"embeddable":true,"href":"https:\/\/prodelcobre.cl\/nueva\/wp-json\/wp\/v2\/comments?post=6879"}],"version-history":[{"count":1,"href":"https:\/\/prodelcobre.cl\/nueva\/wp-json\/wp\/v2\/posts\/6879\/revisions"}],"predecessor-version":[{"id":6880,"href":"https:\/\/prodelcobre.cl\/nueva\/wp-json\/wp\/v2\/posts\/6879\/revisions\/6880"}],"wp:featuredmedia":[{"embeddable":true,"href":"https:\/\/prodelcobre.cl\/nueva\/wp-json\/wp\/v2\/media\/6030"}],"wp:attachment":[{"href":"https:\/\/prodelcobre.cl\/nueva\/wp-json\/wp\/v2\/media?parent=6879"}],"wp:term":[{"taxonomy":"category","embeddable":true,"href":"https:\/\/prodelcobre.cl\/nueva\/wp-json\/wp\/v2\/categories?post=6879"},{"taxonomy":"post_tag","embeddable":true,"href":"https:\/\/prodelcobre.cl\/nueva\/wp-json\/wp\/v2\/tags?post=6879"}],"curies":[{"name":"wp","href":"https:\/\/api.w.org\/{rel}","templated":true}]}}