{"id":6881,"date":"2022-11-16T09:36:30","date_gmt":"2022-11-16T12:36:30","guid":{"rendered":"https:\/\/prodelcobre.cl\/nueva\/?p=6881"},"modified":"2022-11-16T09:36:32","modified_gmt":"2022-11-16T12:36:32","slug":"ministra-marcela-hernando-se-reunio-con-representantes-de-la-pequena-mineria","status":"publish","type":"post","link":"https:\/\/prodelcobre.cl\/nueva\/ministra-marcela-hernando-se-reunio-con-representantes-de-la-pequena-mineria\/","title":{"rendered":"Ministra Marcela Hernando se reuni\u00f3 con representantes de la peque\u00f1a miner\u00eda"},"content":{"rendered":"\n<h2 class=\"wp-block-heading\">La principal encargada de la cartera minera trat\u00f3 con los peque\u00f1os mineros temas relacionados a los problemas por permisos asociados a tranques de relaves.<\/h2>\n\n\n\n<p class=\"has-medium-font-size\">Los directores de peque\u00f1a miner\u00eda entablaron una reuni\u00f3n con la ministra de Miner\u00eda, Marcela Hernando, as\u00ed como con el vicepresidente de la Sociedad Nacional de Miner\u00eda (Sonami), con la intenci\u00f3n de analizar inquietudes del sector, as\u00ed como informar al Ejecutivo sobre los problemas presentes respecto a permisos asociados a los proyectos de tranques de relaves de planta.<\/p>\n\n\n\n<p class=\"has-medium-font-size\">La problem\u00e1tica del proyecto se ha incrementado por el impedimento de Sernageomin, DGA y SEIA de introducir dise\u00f1os de tama\u00f1os mayores a 5 metros de altura o con capacidad superior a los 50.000 m3. Otra de las inquietudes fue el impacto negativo de la aplicaci\u00f3n de la Ley 21.420 para la peque\u00f1a miner\u00eda.<\/p>\n\n\n\n<p class=\"has-medium-font-size\">En la reuni\u00f3n se acord\u00f3 el env\u00edo&nbsp; por parte del ministerio de una minuta que contiene modificaciones a la mencionada ley.<\/p>\n","protected":false},"excerpt":{"rendered":"<p>La principal encargada de la cartera minera trat\u00f3 con los peque\u00f1os mineros temas relacionados a los problemas por<\/p>\n","protected":false},"author":3,"featured_media":6182,"comment_status":"closed","ping_status":"closed","sticky":false,"template":"","format":"standard","meta":{"footnotes":""},"categories":[51,52],"tags":[75],"class_list":["post-6881","post","type-post","status-publish","format-standard","has-post-thumbnail","hentry","category-chile","category-noticias","tag-mineria-3"],"rttpg_featured_image_url":{"full":["https:\/\/prodelcobre.cl\/nueva\/wp-content\/uploads\/2022\/08\/Minero-Freepik.jpg",525,350,false],"landscape":["https:\/\/prodelcobre.cl\/nueva\/wp-content\/uploads\/2022\/08\/Minero-Freepik.jpg",525,350,false],"portraits":["https:\/\/prodelcobre.cl\/nueva\/wp-content\/uploads\/2022\/08\/Minero-Freepik.jpg",525,350,false],"thumbnail":["https:\/\/prodelcobre.cl\/nueva\/wp-content\/uploads\/2022\/08\/Minero-Freepik-150x150.jpg",150,150,true],"medium":["https:\/\/prodelcobre.cl\/nueva\/wp-content\/uploads\/2022\/08\/Minero-Freepik.jpg",525,350,false],"large":["https:\/\/prodelcobre.cl\/nueva\/wp-content\/uploads\/2022\/08\/Minero-Freepik.jpg",525,350,false],"1536x1536":["https:\/\/prodelcobre.cl\/nueva\/wp-content\/uploads\/2022\/08\/Minero-Freepik.jpg",525,350,false],"2048x2048":["https:\/\/prodelcobre.cl\/nueva\/wp-content\/uploads\/2022\/08\/Minero-Freepik.jpg",525,350,false],"morenews-featured":["https:\/\/prodelcobre.cl\/nueva\/wp-content\/uploads\/2022\/08\/Minero-Freepik.jpg",525,350,false],"morenews-large":["https:\/\/prodelcobre.cl\/nueva\/wp-content\/uploads\/2022\/08\/Minero-Freepik.jpg",525,350,false],"morenews-medium":["https:\/\/prodelcobre.cl\/nueva\/wp-content\/uploads\/2022\/08\/Minero-Freepik.jpg",525,350,false],"psacp-medium":["https:\/\/prodelcobre.cl\/nueva\/wp-content\/uploads\/2022\/08\/Minero-Freepik.jpg",500,333,false]},"rttpg_author":{"display_name":"Francisco P\u00e9rez Alvi\u00e1rez","author_link":"https:\/\/prodelcobre.cl\/nueva\/author\/fperez\/"},"rttpg_comment":0,"rttpg_category":"<a href=\"https:\/\/prodelcobre.cl\/nueva\/category\/chile\/\" rel=\"category tag\">Chile<\/a> <a href=\"https:\/\/prodelcobre.cl\/nueva\/category\/noticias\/\" rel=\"category tag\">Noticias<\/a>","rttpg_excerpt":"La principal encargada de la cartera minera trat\u00f3 con los peque\u00f1os mineros temas relacionados a los problemas por","_links":{"self":[{"href":"https:\/\/prodelcobre.cl\/nueva\/wp-json\/wp\/v2\/posts\/6881","targetHints":{"allow":["GET"]}}],"collection":[{"href":"https:\/\/prodelcobre.cl\/nueva\/wp-json\/wp\/v2\/posts"}],"about":[{"href":"https:\/\/prodelcobre.cl\/nueva\/wp-json\/wp\/v2\/types\/post"}],"author":[{"embeddable":true,"href":"https:\/\/prodelcobre.cl\/nueva\/wp-json\/wp\/v2\/users\/3"}],"replies":[{"embeddable":true,"href":"https:\/\/prodelcobre.cl\/nueva\/wp-json\/wp\/v2\/comments?post=6881"}],"version-history":[{"count":1,"href":"https:\/\/prodelcobre.cl\/nueva\/wp-json\/wp\/v2\/posts\/6881\/revisions"}],"predecessor-version":[{"id":6882,"href":"https:\/\/prodelcobre.cl\/nueva\/wp-json\/wp\/v2\/posts\/6881\/revisions\/6882"}],"wp:featuredmedia":[{"embeddable":true,"href":"https:\/\/prodelcobre.cl\/nueva\/wp-json\/wp\/v2\/media\/6182"}],"wp:attachment":[{"href":"https:\/\/prodelcobre.cl\/nueva\/wp-json\/wp\/v2\/media?parent=6881"}],"wp:term":[{"taxonomy":"category","embeddable":true,"href":"https:\/\/prodelcobre.cl\/nueva\/wp-json\/wp\/v2\/categories?post=6881"},{"taxonomy":"post_tag","embeddable":true,"href":"https:\/\/prodelcobre.cl\/nueva\/wp-json\/wp\/v2\/tags?post=6881"}],"curies":[{"name":"wp","href":"https:\/\/api.w.org\/{rel}","templated":true}]}}