{"id":6883,"date":"2022-11-16T10:51:23","date_gmt":"2022-11-16T13:51:23","guid":{"rendered":"https:\/\/prodelcobre.cl\/nueva\/?p=6883"},"modified":"2022-11-16T10:51:24","modified_gmt":"2022-11-16T13:51:24","slug":"ministro-pardow-presento-el-plan-de-accion-de-hidrogeno-verde-2023-2030-en-la-cop27","status":"publish","type":"post","link":"https:\/\/prodelcobre.cl\/nueva\/ministro-pardow-presento-el-plan-de-accion-de-hidrogeno-verde-2023-2030-en-la-cop27\/","title":{"rendered":"Ministro Pardow present\u00f3 el Plan de Acci\u00f3n de Hidr\u00f3geno Verde 2023-2030 en la COP27"},"content":{"rendered":"\n<h2 class=\"wp-block-heading\"><strong>El representante de la cartera de energ\u00eda, Diego Pardow llev\u00f3 el plan a la Conferencia de las Naciones Unidas sobre el Cambio Clim\u00e1tico 2022&nbsp;(COP27) que se realiza en Egipto.<\/strong><\/h2>\n\n\n\n<p class=\"has-medium-font-size\">Durante el encuentro Pardow dio a conocer el&nbsp;<strong>\u201cPlan de Acci\u00f3n de Hidr\u00f3geno Verde 2023-2030\u2033<\/strong>, documento que definir\u00e1 la hoja de ruta para el despliegue y desarrollo sostenible de esta industria en nuestro pa\u00eds, manteniendo los objetivos planteados en la estrategia nacional de H2V presentada en el gobierno anterior.<\/p>\n\n\n\n<p class=\"has-medium-font-size\">La Conferencia de las Naciones Unidas sobre el Cambio Clim\u00e1tico 2022&nbsp;<strong>(COP27)<\/strong>&nbsp;que se est\u00e1 realizando en la localidad de Sharm el Sheikh, Egipto, el representante chileno abord\u00f3 temas como el <strong>hidr\u00f3geno verde (H2V)<\/strong>, la descarbonizaci\u00f3n de la matriz energ\u00e9tica y el camino de Chile para alcanzar la carbono neutralidad al 2050.<\/p>\n\n\n\n<p class=\"has-medium-font-size\">El plan referente al H2V, en terminos generales, busca avanzar en tres l\u00edneas:&nbsp;<strong>potenciar la realizaci\u00f3n de inversiones sostenibles, el desarrollo de regulaci\u00f3n e institucionalidad y descarbonizaci\u00f3n y desarrollo de valor local<\/strong>. Para esto, en diciembre de 2022 se abrir\u00e1 un registro de inscripci\u00f3n para elaborarlo de forma participativa.<\/p>\n","protected":false},"excerpt":{"rendered":"<p>El representante de la cartera de energ\u00eda, Diego Pardow llev\u00f3 el plan a la Conferencia de las Naciones<\/p>\n","protected":false},"author":3,"featured_media":6884,"comment_status":"closed","ping_status":"closed","sticky":false,"template":"","format":"standard","meta":{"footnotes":""},"categories":[51,59,57,52],"tags":[331],"class_list":["post-6883","post","type-post","status-publish","format-standard","has-post-thumbnail","hentry","category-chile","category-energia","category-internacional","category-noticias","tag-cop27"],"rttpg_featured_image_url":{"full":["https:\/\/prodelcobre.cl\/nueva\/wp-content\/uploads\/2022\/11\/2022-08-24-COP27.jpg",1600,800,false],"landscape":["https:\/\/prodelcobre.cl\/nueva\/wp-content\/uploads\/2022\/11\/2022-08-24-COP27.jpg",1600,800,false],"portraits":["https:\/\/prodelcobre.cl\/nueva\/wp-content\/uploads\/2022\/11\/2022-08-24-COP27.jpg",1600,800,false],"thumbnail":["https:\/\/prodelcobre.cl\/nueva\/wp-content\/uploads\/2022\/11\/2022-08-24-COP27-150x150.jpg",150,150,true],"medium":["https:\/\/prodelcobre.cl\/nueva\/wp-content\/uploads\/2022\/11\/2022-08-24-COP27.jpg",1600,800,false],"large":["https:\/\/prodelcobre.cl\/nueva\/wp-content\/uploads\/2022\/11\/2022-08-24-COP27.jpg",1600,800,false],"1536x1536":["https:\/\/prodelcobre.cl\/nueva\/wp-content\/uploads\/2022\/11\/2022-08-24-COP27-1536x768.jpg",1536,768,true],"2048x2048":["https:\/\/prodelcobre.cl\/nueva\/wp-content\/uploads\/2022\/11\/2022-08-24-COP27.jpg",1600,800,false],"morenews-featured":["https:\/\/prodelcobre.cl\/nueva\/wp-content\/uploads\/2022\/11\/2022-08-24-COP27.jpg",1024,512,false],"morenews-large":["https:\/\/prodelcobre.cl\/nueva\/wp-content\/uploads\/2022\/11\/2022-08-24-COP27.jpg",825,413,false],"morenews-medium":["https:\/\/prodelcobre.cl\/nueva\/wp-content\/uploads\/2022\/11\/2022-08-24-COP27.jpg",590,295,false],"psacp-medium":["https:\/\/prodelcobre.cl\/nueva\/wp-content\/uploads\/2022\/11\/2022-08-24-COP27.jpg",500,250,false]},"rttpg_author":{"display_name":"Francisco P\u00e9rez Alvi\u00e1rez","author_link":"https:\/\/prodelcobre.cl\/nueva\/author\/fperez\/"},"rttpg_comment":0,"rttpg_category":"<a href=\"https:\/\/prodelcobre.cl\/nueva\/category\/chile\/\" rel=\"category tag\">Chile<\/a> <a href=\"https:\/\/prodelcobre.cl\/nueva\/category\/energia\/\" rel=\"category tag\">Energ\u00eda<\/a> <a href=\"https:\/\/prodelcobre.cl\/nueva\/category\/internacional\/\" rel=\"category tag\">Internacional<\/a> <a href=\"https:\/\/prodelcobre.cl\/nueva\/category\/noticias\/\" rel=\"category tag\">Noticias<\/a>","rttpg_excerpt":"El representante de la cartera de energ\u00eda, Diego Pardow llev\u00f3 el plan a la Conferencia de las Naciones","_links":{"self":[{"href":"https:\/\/prodelcobre.cl\/nueva\/wp-json\/wp\/v2\/posts\/6883","targetHints":{"allow":["GET"]}}],"collection":[{"href":"https:\/\/prodelcobre.cl\/nueva\/wp-json\/wp\/v2\/posts"}],"about":[{"href":"https:\/\/prodelcobre.cl\/nueva\/wp-json\/wp\/v2\/types\/post"}],"author":[{"embeddable":true,"href":"https:\/\/prodelcobre.cl\/nueva\/wp-json\/wp\/v2\/users\/3"}],"replies":[{"embeddable":true,"href":"https:\/\/prodelcobre.cl\/nueva\/wp-json\/wp\/v2\/comments?post=6883"}],"version-history":[{"count":1,"href":"https:\/\/prodelcobre.cl\/nueva\/wp-json\/wp\/v2\/posts\/6883\/revisions"}],"predecessor-version":[{"id":6885,"href":"https:\/\/prodelcobre.cl\/nueva\/wp-json\/wp\/v2\/posts\/6883\/revisions\/6885"}],"wp:featuredmedia":[{"embeddable":true,"href":"https:\/\/prodelcobre.cl\/nueva\/wp-json\/wp\/v2\/media\/6884"}],"wp:attachment":[{"href":"https:\/\/prodelcobre.cl\/nueva\/wp-json\/wp\/v2\/media?parent=6883"}],"wp:term":[{"taxonomy":"category","embeddable":true,"href":"https:\/\/prodelcobre.cl\/nueva\/wp-json\/wp\/v2\/categories?post=6883"},{"taxonomy":"post_tag","embeddable":true,"href":"https:\/\/prodelcobre.cl\/nueva\/wp-json\/wp\/v2\/tags?post=6883"}],"curies":[{"name":"wp","href":"https:\/\/api.w.org\/{rel}","templated":true}]}}