{"id":6886,"date":"2022-11-16T11:30:18","date_gmt":"2022-11-16T14:30:18","guid":{"rendered":"https:\/\/prodelcobre.cl\/nueva\/?p=6886"},"modified":"2022-11-16T14:04:09","modified_gmt":"2022-11-16T17:04:09","slug":"aprimin-y-minera-dona-ines-de-collahuasi-realizaron-desayuno-de-proyectos","status":"publish","type":"post","link":"https:\/\/prodelcobre.cl\/nueva\/aprimin-y-minera-dona-ines-de-collahuasi-realizaron-desayuno-de-proyectos\/","title":{"rendered":"Aprimin y Minera Do\u00f1a Ines de Collahuasi realizaron desayuno de proyectos"},"content":{"rendered":"\n<h2 class=\"wp-block-heading\">En su \u00faltimo desayuno institucional del 2022 junto a la Minera Do\u00f1a In\u00e9s de Collahuasi, los directivos de Aprimin conversaron sobre diversos temas de inter\u00e9s para el rubro.<\/h2>\n\n\n\n<p class=\"has-medium-font-size\">El evento estuvo encabezado por Sergio Hern\u00e1ndez, director ejecutivo de Aprimin, donde repas\u00f3 las principales actividades que la gremial ha realizado en el mes de octubre, destacando la participaci\u00f3n del presidente de Aprimin, Philippe Hemmerdinger en la Misi\u00f3n Empresarial Chile \u2013 Alemania, organizado por la Sofofa, oportunidad en la que expuso la iniciativa \u201cCobre Verde\u201d y el aporte de los proveedores a la miner\u00eda, en el marco del Foro de Negocios Chile Bavaria en el Ministerio de Econom\u00eda de Bavaria.<br><br>Por su parte, Alejandro Verdugo, vicepresidente de proyectos de Collahuasi, se\u00f1al\u00f3: \u201cEsta semana el sitio Mining Intelligence destac\u00f3 a Collahuasi entre las 10 minas m\u00e1s valiosas del mundo, situ\u00e1ndose en la 6ta operaci\u00f3n de miner\u00eda del cobre a nivel mundial. Es un yacimiento extraordinario, la mejor calidad en Chile \u2013ley promedio de todos los recursos y reservas a lo largo de la vida \u00fatil +\/-0.8% CuT\u201d.<br><br>El ejecutivo present\u00f3 los proyectos en desarrollo: Proyecto 5\u00ba Molino, Proyecto C20+, Proyecto Crecimiento Ujina, Proyecto Lixiviaci\u00f3n Sulfuros Secundarios y Proyecto 4\u00aa L\u00ednea, entre otros.<br><br>Al cierre del evento, el director ejecutivo de Aprimin, Sergio Hern\u00e1ndez manifest\u00f3 su satisfacci\u00f3n por la confianza en que la Compa\u00f1\u00eda Collahuasi tiene en el futuro de Chile al realizar inversiones de una magnitud superior a los US $10MM. \u201cCon esto queda claro que la percepci\u00f3n del ambiente minero es que Chile est\u00e1 saliendo de sus problemas y que nos augura un excelente futuro\u201d.<\/p>\n","protected":false},"excerpt":{"rendered":"<p>En su \u00faltimo desayuno institucional del 2022 junto a la Minera Do\u00f1a In\u00e9s de Collahuasi, los directivos de<\/p>\n","protected":false},"author":3,"featured_media":6887,"comment_status":"closed","ping_status":"closed","sticky":false,"template":"","format":"standard","meta":{"footnotes":""},"categories":[51,52],"tags":[149],"class_list":["post-6886","post","type-post","status-publish","format-standard","has-post-thumbnail","hentry","category-chile","category-noticias","tag-aprimin"],"rttpg_featured_image_url":{"full":["https:\/\/prodelcobre.cl\/nueva\/wp-content\/uploads\/2022\/11\/Press-2.jpg",1244,829,false],"landscape":["https:\/\/prodelcobre.cl\/nueva\/wp-content\/uploads\/2022\/11\/Press-2.jpg",1244,829,false],"portraits":["https:\/\/prodelcobre.cl\/nueva\/wp-content\/uploads\/2022\/11\/Press-2.jpg",1244,829,false],"thumbnail":["https:\/\/prodelcobre.cl\/nueva\/wp-content\/uploads\/2022\/11\/Press-2-150x150.jpg",150,150,true],"medium":["https:\/\/prodelcobre.cl\/nueva\/wp-content\/uploads\/2022\/11\/Press-2.jpg",1244,829,false],"large":["https:\/\/prodelcobre.cl\/nueva\/wp-content\/uploads\/2022\/11\/Press-2.jpg",1244,829,false],"1536x1536":["https:\/\/prodelcobre.cl\/nueva\/wp-content\/uploads\/2022\/11\/Press-2.jpg",1244,829,false],"2048x2048":["https:\/\/prodelcobre.cl\/nueva\/wp-content\/uploads\/2022\/11\/Press-2.jpg",1244,829,false],"morenews-featured":["https:\/\/prodelcobre.cl\/nueva\/wp-content\/uploads\/2022\/11\/Press-2.jpg",1024,682,false],"morenews-large":["https:\/\/prodelcobre.cl\/nueva\/wp-content\/uploads\/2022\/11\/Press-2.jpg",825,550,false],"morenews-medium":["https:\/\/prodelcobre.cl\/nueva\/wp-content\/uploads\/2022\/11\/Press-2.jpg",590,393,false],"psacp-medium":["https:\/\/prodelcobre.cl\/nueva\/wp-content\/uploads\/2022\/11\/Press-2.jpg",500,333,false]},"rttpg_author":{"display_name":"Francisco P\u00e9rez Alvi\u00e1rez","author_link":"https:\/\/prodelcobre.cl\/nueva\/author\/fperez\/"},"rttpg_comment":0,"rttpg_category":"<a href=\"https:\/\/prodelcobre.cl\/nueva\/category\/chile\/\" rel=\"category tag\">Chile<\/a> <a href=\"https:\/\/prodelcobre.cl\/nueva\/category\/noticias\/\" rel=\"category tag\">Noticias<\/a>","rttpg_excerpt":"En su \u00faltimo desayuno institucional del 2022 junto a la Minera Do\u00f1a In\u00e9s de Collahuasi, los directivos de","_links":{"self":[{"href":"https:\/\/prodelcobre.cl\/nueva\/wp-json\/wp\/v2\/posts\/6886","targetHints":{"allow":["GET"]}}],"collection":[{"href":"https:\/\/prodelcobre.cl\/nueva\/wp-json\/wp\/v2\/posts"}],"about":[{"href":"https:\/\/prodelcobre.cl\/nueva\/wp-json\/wp\/v2\/types\/post"}],"author":[{"embeddable":true,"href":"https:\/\/prodelcobre.cl\/nueva\/wp-json\/wp\/v2\/users\/3"}],"replies":[{"embeddable":true,"href":"https:\/\/prodelcobre.cl\/nueva\/wp-json\/wp\/v2\/comments?post=6886"}],"version-history":[{"count":2,"href":"https:\/\/prodelcobre.cl\/nueva\/wp-json\/wp\/v2\/posts\/6886\/revisions"}],"predecessor-version":[{"id":6889,"href":"https:\/\/prodelcobre.cl\/nueva\/wp-json\/wp\/v2\/posts\/6886\/revisions\/6889"}],"wp:featuredmedia":[{"embeddable":true,"href":"https:\/\/prodelcobre.cl\/nueva\/wp-json\/wp\/v2\/media\/6887"}],"wp:attachment":[{"href":"https:\/\/prodelcobre.cl\/nueva\/wp-json\/wp\/v2\/media?parent=6886"}],"wp:term":[{"taxonomy":"category","embeddable":true,"href":"https:\/\/prodelcobre.cl\/nueva\/wp-json\/wp\/v2\/categories?post=6886"},{"taxonomy":"post_tag","embeddable":true,"href":"https:\/\/prodelcobre.cl\/nueva\/wp-json\/wp\/v2\/tags?post=6886"}],"curies":[{"name":"wp","href":"https:\/\/api.w.org\/{rel}","templated":true}]}}