{"id":6890,"date":"2022-11-16T14:27:07","date_gmt":"2022-11-16T17:27:07","guid":{"rendered":"https:\/\/prodelcobre.cl\/nueva\/?p=6890"},"modified":"2022-11-16T14:27:08","modified_gmt":"2022-11-16T17:27:08","slug":"copper-2022-abordo-nuevos-yacimientos-mineria-verde-y-colaboracion-publico-privada","status":"publish","type":"post","link":"https:\/\/prodelcobre.cl\/nueva\/copper-2022-abordo-nuevos-yacimientos-mineria-verde-y-colaboracion-publico-privada\/","title":{"rendered":"Copper 2022 abord\u00f3 nuevos yacimientos, miner\u00eda verde y colaboraci\u00f3n p\u00fablico privada"},"content":{"rendered":"\n<h2 class=\"wp-block-heading\">El segundo d\u00eda de sesiones estuvo marcado por la participaci\u00f3n de Hiroshi Asahi, representante de The Mining and Materials Processing Institute of Japan. <\/h2>\n\n\n\n<p class=\"has-medium-font-size\">La principal conferencia internacional sobre el cobre sigue dando de qu\u00e9 hablar con la participaci\u00f3n de los m\u00e1s relevantes exponentes de las industrias mineras en el mundo, convirtiendo a Santiago estos d\u00edas en la capital mundial del metal rojo.<\/p>\n\n\n\n<p class=\"has-medium-font-size\">En este contexto, Hiroshi Asahi, representante del The Mining and Materials Processing Institute of Japan<br>(MMIJ), realiz\u00f3 una presentaci\u00f3n sobre los desaf\u00edos de las industrias del cobre en el contexto de los objetivos de desarrollo social hacia la mitad del siglo XXI.<\/p>\n\n\n\n<p class=\"has-medium-font-size\">Durante su presentaci\u00f3n, el representante de la sociedad hermana explic\u00f3 que, &#8220;con la disminuci\u00f3n de los descubrimientos de nuevos yacimientos de clase mundial, no se puede esperar que la producci\u00f3n mundial de cobre crezca f\u00e1cilmente, y hay m\u00e1s problemas en cuanto a c\u00f3mo satisfacer los estrictos requisitos ambientales para la miner\u00eda y la fundici\u00f3n&#8221;, dijo.<br><br>En estas circunstancias, en 2018, la MMIJ decidi\u00f3 redoblar sus esfuerzos para estimular la colaboraci\u00f3n entre la industria y la academia para resolver los desaf\u00edos t\u00e9cnicos de la industria del cobre. la MMIJ cre\u00f3 una nueva plataforma que pretende promover la investigaci\u00f3n b\u00e1sica en las universidades y la colaboraci\u00f3n entre expertos de universidades, laboratorios nacionales y la industria del cobre. &#8220;En 2020, con el fin de apoyar la investigaci\u00f3n b\u00e1sica de los j\u00f3venes investigadores, se comenz\u00f3 con la identificaci\u00f3n de proyectos tecnol\u00f3gicos semilla&#8221;, cont\u00f3 Asahi.<\/p>\n\n\n\n<p class=\"has-medium-font-size\">As\u00ed como Asahi, diversos representantes de relevancia mundial tomaron la batuta para explorar los desaf\u00edos de la industria en varios temas relacionados a la energ\u00eda verde, la participaci\u00f3n p\u00fablico privada, entre otros. <br><br>Finalmente, dos interesantes mesas redondas se realizaron de la jornada. La primera fue de &#8220;ESG: desaf\u00edos que enfrenta la industria del cobre&#8221;,relacionada con Miner\u00eda verde, sustentabilidad, comunidades y relacionamiento fueron temas tratados en la mesa redonda de ESG en la que participaron Michele Br\u00fclhart de Copper Mark; Alejandra Madera de Codelco; T\u00e1batha Ch\u00e1vez del ICMM; Julio Cifuentes del Instituto de Ingenieros de Minas de Chile; y Luis Valenzuela, ingeniero consultor.<\/p>\n","protected":false},"excerpt":{"rendered":"<p>El segundo d\u00eda de sesiones estuvo marcado por la participaci\u00f3n de Hiroshi Asahi, representante de The Mining and<\/p>\n","protected":false},"author":3,"featured_media":6891,"comment_status":"closed","ping_status":"closed","sticky":false,"template":"","format":"standard","meta":{"footnotes":""},"categories":[51,52],"tags":[324],"class_list":["post-6890","post","type-post","status-publish","format-standard","has-post-thumbnail","hentry","category-chile","category-noticias","tag-copper2022"],"rttpg_featured_image_url":{"full":["https:\/\/prodelcobre.cl\/nueva\/wp-content\/uploads\/2022\/11\/foto-copper-2022-scaled.jpg",2560,1117,false],"landscape":["https:\/\/prodelcobre.cl\/nueva\/wp-content\/uploads\/2022\/11\/foto-copper-2022-scaled.jpg",2560,1117,false],"portraits":["https:\/\/prodelcobre.cl\/nueva\/wp-content\/uploads\/2022\/11\/foto-copper-2022-scaled.jpg",2560,1117,false],"thumbnail":["https:\/\/prodelcobre.cl\/nueva\/wp-content\/uploads\/2022\/11\/foto-copper-2022-150x150.jpg",150,150,true],"medium":["https:\/\/prodelcobre.cl\/nueva\/wp-content\/uploads\/2022\/11\/foto-copper-2022-scaled.jpg",2560,1117,false],"large":["https:\/\/prodelcobre.cl\/nueva\/wp-content\/uploads\/2022\/11\/foto-copper-2022-scaled.jpg",2560,1117,false],"1536x1536":["https:\/\/prodelcobre.cl\/nueva\/wp-content\/uploads\/2022\/11\/foto-copper-2022-1536x670.jpg",1536,670,true],"2048x2048":["https:\/\/prodelcobre.cl\/nueva\/wp-content\/uploads\/2022\/11\/foto-copper-2022-2048x893.jpg",2048,893,true],"morenews-featured":["https:\/\/prodelcobre.cl\/nueva\/wp-content\/uploads\/2022\/11\/foto-copper-2022-scaled.jpg",1024,447,false],"morenews-large":["https:\/\/prodelcobre.cl\/nueva\/wp-content\/uploads\/2022\/11\/foto-copper-2022-scaled.jpg",825,360,false],"morenews-medium":["https:\/\/prodelcobre.cl\/nueva\/wp-content\/uploads\/2022\/11\/foto-copper-2022-scaled.jpg",590,257,false],"psacp-medium":["https:\/\/prodelcobre.cl\/nueva\/wp-content\/uploads\/2022\/11\/foto-copper-2022-scaled.jpg",500,218,false]},"rttpg_author":{"display_name":"Francisco P\u00e9rez Alvi\u00e1rez","author_link":"https:\/\/prodelcobre.cl\/nueva\/author\/fperez\/"},"rttpg_comment":0,"rttpg_category":"<a href=\"https:\/\/prodelcobre.cl\/nueva\/category\/chile\/\" rel=\"category tag\">Chile<\/a> <a href=\"https:\/\/prodelcobre.cl\/nueva\/category\/noticias\/\" rel=\"category tag\">Noticias<\/a>","rttpg_excerpt":"El segundo d\u00eda de sesiones estuvo marcado por la participaci\u00f3n de Hiroshi Asahi, representante de The Mining and","_links":{"self":[{"href":"https:\/\/prodelcobre.cl\/nueva\/wp-json\/wp\/v2\/posts\/6890","targetHints":{"allow":["GET"]}}],"collection":[{"href":"https:\/\/prodelcobre.cl\/nueva\/wp-json\/wp\/v2\/posts"}],"about":[{"href":"https:\/\/prodelcobre.cl\/nueva\/wp-json\/wp\/v2\/types\/post"}],"author":[{"embeddable":true,"href":"https:\/\/prodelcobre.cl\/nueva\/wp-json\/wp\/v2\/users\/3"}],"replies":[{"embeddable":true,"href":"https:\/\/prodelcobre.cl\/nueva\/wp-json\/wp\/v2\/comments?post=6890"}],"version-history":[{"count":1,"href":"https:\/\/prodelcobre.cl\/nueva\/wp-json\/wp\/v2\/posts\/6890\/revisions"}],"predecessor-version":[{"id":6892,"href":"https:\/\/prodelcobre.cl\/nueva\/wp-json\/wp\/v2\/posts\/6890\/revisions\/6892"}],"wp:featuredmedia":[{"embeddable":true,"href":"https:\/\/prodelcobre.cl\/nueva\/wp-json\/wp\/v2\/media\/6891"}],"wp:attachment":[{"href":"https:\/\/prodelcobre.cl\/nueva\/wp-json\/wp\/v2\/media?parent=6890"}],"wp:term":[{"taxonomy":"category","embeddable":true,"href":"https:\/\/prodelcobre.cl\/nueva\/wp-json\/wp\/v2\/categories?post=6890"},{"taxonomy":"post_tag","embeddable":true,"href":"https:\/\/prodelcobre.cl\/nueva\/wp-json\/wp\/v2\/tags?post=6890"}],"curies":[{"name":"wp","href":"https:\/\/api.w.org\/{rel}","templated":true}]}}