{"id":6943,"date":"2022-11-22T09:44:19","date_gmt":"2022-11-22T12:44:19","guid":{"rendered":"https:\/\/prodelcobre.cl\/nueva\/?p=6943"},"modified":"2022-11-22T09:44:21","modified_gmt":"2022-11-22T12:44:21","slug":"codelco-realizara-una-nueva-version-de-la-feria-de-empleabilidad-en-calama","status":"publish","type":"post","link":"https:\/\/prodelcobre.cl\/nueva\/codelco-realizara-una-nueva-version-de-la-feria-de-empleabilidad-en-calama\/","title":{"rendered":"Codelco realizar\u00e1 una nueva versi\u00f3n de la Feria de Empleabilidad en Calama"},"content":{"rendered":"\n<h2 class=\"wp-block-heading\">Este martes y mi\u00e9rcoles en el edificio institucional de Codelco podr\u00e1n asistir los interesados.<\/h2>\n\n\n\n<p class=\"has-medium-font-size\">Una nueva Feria de Empleabilidad 2022 se realizar\u00e1 en la regi\u00f3n de Antofagasta con el apoyo de la Seremi del Ministerio del Trabajo y Previsi\u00f3n Social, con el objetivo de contectar trabajadores locales a oportunidades laborales de la empresa.<\/p>\n\n\n\n<p class=\"has-medium-font-size\">Los asistentes podr\u00e1n conectarse con 20 empresas relacionadas a operaciones, servicios, apoyo a la miner\u00eda y m\u00e1s que ha dispuesto vacantes y oportunidades. <\/p>\n\n\n\n<p class=\"has-medium-font-size\">Para participar en forma presencial, las personas interesadas deben inscribirse en el&nbsp;<a href=\"https:\/\/forms.office.com\/r\/8tMTLQLert\" target=\"_blank\" rel=\"noreferrer noopener\">siguiente link<\/a>.<\/p>\n\n\n\n<p class=\"has-medium-font-size\">Igualmente existir\u00e1 una forma de postulaci\u00f3n virtual para quienes no puedan asistir, por lo que han dispuesto de <a href=\"https:\/\/zfrmz.com\/T0XI0SWril4uLvq9BtjK\" target=\"_blank\" rel=\"noreferrer noopener\">este link<\/a>&nbsp;para ser contactados por las empresas colaboradoras de Codelco.<\/p>\n\n\n\n<p class=\"has-medium-font-size\">Quienes tengan dudas o quieran realizar alguna consulta respecto a la inscripci\u00f3n y la feria virtual, pueden escribir al correo DNcomunidades@codelco.cl.<\/p>\n","protected":false},"excerpt":{"rendered":"<p>Este martes y mi\u00e9rcoles en el edificio institucional de Codelco podr\u00e1n asistir los interesados. Una nueva Feria de<\/p>\n","protected":false},"author":3,"featured_media":4741,"comment_status":"closed","ping_status":"closed","sticky":false,"template":"","format":"standard","meta":{"footnotes":""},"categories":[51,52],"tags":[101],"class_list":["post-6943","post","type-post","status-publish","format-standard","has-post-thumbnail","hentry","category-chile","category-noticias","tag-codelco"],"rttpg_featured_image_url":{"full":["https:\/\/prodelcobre.cl\/nueva\/wp-content\/uploads\/2022\/02\/Imagen-Codelco-11.jpg",900,600,false],"landscape":["https:\/\/prodelcobre.cl\/nueva\/wp-content\/uploads\/2022\/02\/Imagen-Codelco-11.jpg",900,600,false],"portraits":["https:\/\/prodelcobre.cl\/nueva\/wp-content\/uploads\/2022\/02\/Imagen-Codelco-11.jpg",900,600,false],"thumbnail":["https:\/\/prodelcobre.cl\/nueva\/wp-content\/uploads\/2022\/02\/Imagen-Codelco-11-150x150.jpg",150,150,true],"medium":["https:\/\/prodelcobre.cl\/nueva\/wp-content\/uploads\/2022\/02\/Imagen-Codelco-11.jpg",900,600,false],"large":["https:\/\/prodelcobre.cl\/nueva\/wp-content\/uploads\/2022\/02\/Imagen-Codelco-11.jpg",900,600,false],"1536x1536":["https:\/\/prodelcobre.cl\/nueva\/wp-content\/uploads\/2022\/02\/Imagen-Codelco-11.jpg",900,600,false],"2048x2048":["https:\/\/prodelcobre.cl\/nueva\/wp-content\/uploads\/2022\/02\/Imagen-Codelco-11.jpg",900,600,false],"morenews-featured":["https:\/\/prodelcobre.cl\/nueva\/wp-content\/uploads\/2022\/02\/Imagen-Codelco-11.jpg",900,600,false],"morenews-large":["https:\/\/prodelcobre.cl\/nueva\/wp-content\/uploads\/2022\/02\/Imagen-Codelco-11.jpg",825,550,false],"morenews-medium":["https:\/\/prodelcobre.cl\/nueva\/wp-content\/uploads\/2022\/02\/Imagen-Codelco-11.jpg",590,393,false],"psacp-medium":["https:\/\/prodelcobre.cl\/nueva\/wp-content\/uploads\/2022\/02\/Imagen-Codelco-11.jpg",500,333,false]},"rttpg_author":{"display_name":"Francisco P\u00e9rez Alvi\u00e1rez","author_link":"https:\/\/prodelcobre.cl\/nueva\/author\/fperez\/"},"rttpg_comment":0,"rttpg_category":"<a href=\"https:\/\/prodelcobre.cl\/nueva\/category\/chile\/\" rel=\"category tag\">Chile<\/a> <a href=\"https:\/\/prodelcobre.cl\/nueva\/category\/noticias\/\" rel=\"category tag\">Noticias<\/a>","rttpg_excerpt":"Este martes y mi\u00e9rcoles en el edificio institucional de Codelco podr\u00e1n asistir los interesados. Una nueva Feria de","_links":{"self":[{"href":"https:\/\/prodelcobre.cl\/nueva\/wp-json\/wp\/v2\/posts\/6943","targetHints":{"allow":["GET"]}}],"collection":[{"href":"https:\/\/prodelcobre.cl\/nueva\/wp-json\/wp\/v2\/posts"}],"about":[{"href":"https:\/\/prodelcobre.cl\/nueva\/wp-json\/wp\/v2\/types\/post"}],"author":[{"embeddable":true,"href":"https:\/\/prodelcobre.cl\/nueva\/wp-json\/wp\/v2\/users\/3"}],"replies":[{"embeddable":true,"href":"https:\/\/prodelcobre.cl\/nueva\/wp-json\/wp\/v2\/comments?post=6943"}],"version-history":[{"count":1,"href":"https:\/\/prodelcobre.cl\/nueva\/wp-json\/wp\/v2\/posts\/6943\/revisions"}],"predecessor-version":[{"id":6944,"href":"https:\/\/prodelcobre.cl\/nueva\/wp-json\/wp\/v2\/posts\/6943\/revisions\/6944"}],"wp:featuredmedia":[{"embeddable":true,"href":"https:\/\/prodelcobre.cl\/nueva\/wp-json\/wp\/v2\/media\/4741"}],"wp:attachment":[{"href":"https:\/\/prodelcobre.cl\/nueva\/wp-json\/wp\/v2\/media?parent=6943"}],"wp:term":[{"taxonomy":"category","embeddable":true,"href":"https:\/\/prodelcobre.cl\/nueva\/wp-json\/wp\/v2\/categories?post=6943"},{"taxonomy":"post_tag","embeddable":true,"href":"https:\/\/prodelcobre.cl\/nueva\/wp-json\/wp\/v2\/tags?post=6943"}],"curies":[{"name":"wp","href":"https:\/\/api.w.org\/{rel}","templated":true}]}}