{"id":6945,"date":"2022-11-22T10:00:05","date_gmt":"2022-11-22T13:00:05","guid":{"rendered":"https:\/\/prodelcobre.cl\/nueva\/?p=6945"},"modified":"2022-11-22T10:00:09","modified_gmt":"2022-11-22T13:00:09","slug":"chile-continua-dentro-de-las-operaciones-estrategicas-de-enel-a-nivel-mundial","status":"publish","type":"post","link":"https:\/\/prodelcobre.cl\/nueva\/chile-continua-dentro-de-las-operaciones-estrategicas-de-enel-a-nivel-mundial\/","title":{"rendered":"Chile contin\u00faa dentro de las operaciones estrat\u00e9gicas de Enel a nivel mundial"},"content":{"rendered":"\n<h2 class=\"wp-block-heading\">Enel anunci\u00f3 su salida de Argentina, Per\u00fa y Rumania, con inter\u00e9s en centrarse en Italia, Espa\u00f1a, Estados Unidos, Brasil, Chile y Colombia.<\/h2>\n\n\n\n<p class=\"has-medium-font-size\">La compa\u00f1\u00eda italiana Enel realiz\u00f3 una reorganizaci\u00f3n y venta de activos por 21.000 millones de euros, donde saldr\u00e1 del mercado peruano, argentino y rumano, para centrarse en seis pa\u00edses que incluyen a Chile.<br><br>Seg\u00fan anunci\u00f3 el grupo con motivo de su Capital Markets Day, entre las desinversiones est\u00e1 la cartera de su negocio de gas en Espa\u00f1a, donde es el principal accionista de Endesa con una participaci\u00f3n del 70%.<\/p>\n\n\n\n<p class=\"has-medium-font-size\">Con este plan de desinversiones, Enel prev\u00e9 alcanzar un objetivo de deuda neta de los 51.000 a 52.000 millones de euros a fines del pr\u00f3ximo a\u00f1o, desde los 69.000 millones de euros en que se situ\u00f3 a cierre de este mes de septiembre.<\/p>\n","protected":false},"excerpt":{"rendered":"<p>Enel anunci\u00f3 su salida de Argentina, Per\u00fa y Rumania, con inter\u00e9s en centrarse en Italia, Espa\u00f1a, Estados Unidos,<\/p>\n","protected":false},"author":3,"featured_media":5015,"comment_status":"closed","ping_status":"closed","sticky":false,"template":"","format":"standard","meta":{"footnotes":""},"categories":[51,52],"tags":[220],"class_list":["post-6945","post","type-post","status-publish","format-standard","has-post-thumbnail","hentry","category-chile","category-noticias","tag-enel"],"rttpg_featured_image_url":{"full":["https:\/\/prodelcobre.cl\/nueva\/wp-content\/uploads\/2022\/03\/Enel-696x404-1.jpg",696,404,false],"landscape":["https:\/\/prodelcobre.cl\/nueva\/wp-content\/uploads\/2022\/03\/Enel-696x404-1.jpg",696,404,false],"portraits":["https:\/\/prodelcobre.cl\/nueva\/wp-content\/uploads\/2022\/03\/Enel-696x404-1.jpg",696,404,false],"thumbnail":["https:\/\/prodelcobre.cl\/nueva\/wp-content\/uploads\/2022\/03\/Enel-696x404-1-150x150.jpg",150,150,true],"medium":["https:\/\/prodelcobre.cl\/nueva\/wp-content\/uploads\/2022\/03\/Enel-696x404-1.jpg",696,404,false],"large":["https:\/\/prodelcobre.cl\/nueva\/wp-content\/uploads\/2022\/03\/Enel-696x404-1.jpg",696,404,false],"1536x1536":["https:\/\/prodelcobre.cl\/nueva\/wp-content\/uploads\/2022\/03\/Enel-696x404-1.jpg",696,404,false],"2048x2048":["https:\/\/prodelcobre.cl\/nueva\/wp-content\/uploads\/2022\/03\/Enel-696x404-1.jpg",696,404,false],"morenews-featured":["https:\/\/prodelcobre.cl\/nueva\/wp-content\/uploads\/2022\/03\/Enel-696x404-1.jpg",696,404,false],"morenews-large":["https:\/\/prodelcobre.cl\/nueva\/wp-content\/uploads\/2022\/03\/Enel-696x404-1.jpg",696,404,false],"morenews-medium":["https:\/\/prodelcobre.cl\/nueva\/wp-content\/uploads\/2022\/03\/Enel-696x404-1.jpg",590,342,false],"psacp-medium":["https:\/\/prodelcobre.cl\/nueva\/wp-content\/uploads\/2022\/03\/Enel-696x404-1.jpg",500,290,false]},"rttpg_author":{"display_name":"Francisco P\u00e9rez Alvi\u00e1rez","author_link":"https:\/\/prodelcobre.cl\/nueva\/author\/fperez\/"},"rttpg_comment":0,"rttpg_category":"<a href=\"https:\/\/prodelcobre.cl\/nueva\/category\/chile\/\" rel=\"category tag\">Chile<\/a> <a href=\"https:\/\/prodelcobre.cl\/nueva\/category\/noticias\/\" rel=\"category tag\">Noticias<\/a>","rttpg_excerpt":"Enel anunci\u00f3 su salida de Argentina, Per\u00fa y Rumania, con inter\u00e9s en centrarse en Italia, Espa\u00f1a, Estados Unidos,","_links":{"self":[{"href":"https:\/\/prodelcobre.cl\/nueva\/wp-json\/wp\/v2\/posts\/6945","targetHints":{"allow":["GET"]}}],"collection":[{"href":"https:\/\/prodelcobre.cl\/nueva\/wp-json\/wp\/v2\/posts"}],"about":[{"href":"https:\/\/prodelcobre.cl\/nueva\/wp-json\/wp\/v2\/types\/post"}],"author":[{"embeddable":true,"href":"https:\/\/prodelcobre.cl\/nueva\/wp-json\/wp\/v2\/users\/3"}],"replies":[{"embeddable":true,"href":"https:\/\/prodelcobre.cl\/nueva\/wp-json\/wp\/v2\/comments?post=6945"}],"version-history":[{"count":1,"href":"https:\/\/prodelcobre.cl\/nueva\/wp-json\/wp\/v2\/posts\/6945\/revisions"}],"predecessor-version":[{"id":6946,"href":"https:\/\/prodelcobre.cl\/nueva\/wp-json\/wp\/v2\/posts\/6945\/revisions\/6946"}],"wp:featuredmedia":[{"embeddable":true,"href":"https:\/\/prodelcobre.cl\/nueva\/wp-json\/wp\/v2\/media\/5015"}],"wp:attachment":[{"href":"https:\/\/prodelcobre.cl\/nueva\/wp-json\/wp\/v2\/media?parent=6945"}],"wp:term":[{"taxonomy":"category","embeddable":true,"href":"https:\/\/prodelcobre.cl\/nueva\/wp-json\/wp\/v2\/categories?post=6945"},{"taxonomy":"post_tag","embeddable":true,"href":"https:\/\/prodelcobre.cl\/nueva\/wp-json\/wp\/v2\/tags?post=6945"}],"curies":[{"name":"wp","href":"https:\/\/api.w.org\/{rel}","templated":true}]}}