{"id":6949,"date":"2022-11-22T15:55:30","date_gmt":"2022-11-22T18:55:30","guid":{"rendered":"https:\/\/prodelcobre.cl\/nueva\/?p=6949"},"modified":"2022-11-22T15:55:32","modified_gmt":"2022-11-22T18:55:32","slug":"carlos-rispatron-director-de-icsg-necesitamos-refinar-cobre-en-chile","status":"publish","type":"post","link":"https:\/\/prodelcobre.cl\/nueva\/carlos-rispatron-director-de-icsg-necesitamos-refinar-cobre-en-chile\/","title":{"rendered":"Carlos Rispatr\u00f3n, director de ICSG: &#8220;Necesitamos refinar cobre en Chile&#8221;"},"content":{"rendered":"\n<h2 class=\"wp-block-heading\">Durante su participaci\u00f3n en la Conferencia Internacional Copper 2022, Carlos Risopatr\u00f3n, Director del Grupo Internacional de Estudio sobre el Cobre, (ICSG) destac\u00f3 la importancia de la miner\u00eda chilena a nivel mundial.<\/h2>\n\n\n\n<p class=\"has-medium-font-size\">Rispatr\u00f3n celebr\u00f3 la Copper 2022 en presencia de los m\u00e1s importantes exponentes de la miner\u00eda en el mundo, por la recepci\u00f3n de m\u00e1s de 270 papers, documentos cient\u00edficos de la industria, y la organizaci\u00f3n del Instituto de Minas de Chile, en un evento exitoso para el mundo de la miner\u00eda. <br><br>Respecto a futuro de la miner\u00eda y, especialmente del cobre Risopatr\u00f3n dijo que no ve nada nuevo. &#8220;Pas\u00e9 cinco a\u00f1os en la fundici\u00f3n Ventanas trabajando en temas ambientales, ayud\u00e9 a armar la fundici\u00f3n de Alto Norte, que es la que procesa m\u00e1s ars\u00e9nico en el mundo, es un honor que est\u00e9 en Chile. El tema de la miner\u00eda siempre ha sido complicado en t\u00e9rminos de recursos peligrosos, pero la idea es sacarlos lo m\u00e1s cerca de las minas posible, depositarlos y que no circulen mucho alrededor del mundo, por lo que se requieren muchas m\u00e1s plantas de tratamiento, m\u00e1s inversi\u00f3n, refinar cobre en Chile, no exportar solo el concentrado&#8221;, asever\u00f3.<br><br>Sobre el aumento de la demanda del metal rojo indic\u00f3 que esto se dar\u00e1 pero que no necesariamente es por la transici\u00f3n energ\u00e9tica. &#8220;Se va a producir un crecimiento en la demanda de cobre, pero principalmente para electrificaci\u00f3n de los pa\u00edses m\u00e1s pobres de \u00c1frica, Sudeste Asi\u00e1tico, para lo que se va a requerir mucho cobre y aluminio&#8221;, dijo.<\/p>\n","protected":false},"excerpt":{"rendered":"<p>Durante su participaci\u00f3n en la Conferencia Internacional Copper 2022, Carlos Risopatr\u00f3n, Director del Grupo Internacional de Estudio sobre<\/p>\n","protected":false},"author":3,"featured_media":6950,"comment_status":"closed","ping_status":"closed","sticky":false,"template":"","format":"standard","meta":{"footnotes":""},"categories":[51,52],"tags":[324],"class_list":["post-6949","post","type-post","status-publish","format-standard","has-post-thumbnail","hentry","category-chile","category-noticias","tag-copper2022"],"rttpg_featured_image_url":{"full":["https:\/\/prodelcobre.cl\/nueva\/wp-content\/uploads\/2022\/11\/unnamed.jpg-Fotos.jpg",748,489,false],"landscape":["https:\/\/prodelcobre.cl\/nueva\/wp-content\/uploads\/2022\/11\/unnamed.jpg-Fotos.jpg",748,489,false],"portraits":["https:\/\/prodelcobre.cl\/nueva\/wp-content\/uploads\/2022\/11\/unnamed.jpg-Fotos.jpg",748,489,false],"thumbnail":["https:\/\/prodelcobre.cl\/nueva\/wp-content\/uploads\/2022\/11\/unnamed.jpg-Fotos-150x150.jpg",150,150,true],"medium":["https:\/\/prodelcobre.cl\/nueva\/wp-content\/uploads\/2022\/11\/unnamed.jpg-Fotos.jpg",748,489,false],"large":["https:\/\/prodelcobre.cl\/nueva\/wp-content\/uploads\/2022\/11\/unnamed.jpg-Fotos.jpg",748,489,false],"1536x1536":["https:\/\/prodelcobre.cl\/nueva\/wp-content\/uploads\/2022\/11\/unnamed.jpg-Fotos.jpg",748,489,false],"2048x2048":["https:\/\/prodelcobre.cl\/nueva\/wp-content\/uploads\/2022\/11\/unnamed.jpg-Fotos.jpg",748,489,false],"morenews-featured":["https:\/\/prodelcobre.cl\/nueva\/wp-content\/uploads\/2022\/11\/unnamed.jpg-Fotos.jpg",748,489,false],"morenews-large":["https:\/\/prodelcobre.cl\/nueva\/wp-content\/uploads\/2022\/11\/unnamed.jpg-Fotos.jpg",748,489,false],"morenews-medium":["https:\/\/prodelcobre.cl\/nueva\/wp-content\/uploads\/2022\/11\/unnamed.jpg-Fotos.jpg",590,386,false],"psacp-medium":["https:\/\/prodelcobre.cl\/nueva\/wp-content\/uploads\/2022\/11\/unnamed.jpg-Fotos.jpg",500,327,false]},"rttpg_author":{"display_name":"Francisco P\u00e9rez Alvi\u00e1rez","author_link":"https:\/\/prodelcobre.cl\/nueva\/author\/fperez\/"},"rttpg_comment":0,"rttpg_category":"<a href=\"https:\/\/prodelcobre.cl\/nueva\/category\/chile\/\" rel=\"category tag\">Chile<\/a> <a href=\"https:\/\/prodelcobre.cl\/nueva\/category\/noticias\/\" rel=\"category tag\">Noticias<\/a>","rttpg_excerpt":"Durante su participaci\u00f3n en la Conferencia Internacional Copper 2022, Carlos Risopatr\u00f3n, Director del Grupo Internacional de Estudio sobre","_links":{"self":[{"href":"https:\/\/prodelcobre.cl\/nueva\/wp-json\/wp\/v2\/posts\/6949","targetHints":{"allow":["GET"]}}],"collection":[{"href":"https:\/\/prodelcobre.cl\/nueva\/wp-json\/wp\/v2\/posts"}],"about":[{"href":"https:\/\/prodelcobre.cl\/nueva\/wp-json\/wp\/v2\/types\/post"}],"author":[{"embeddable":true,"href":"https:\/\/prodelcobre.cl\/nueva\/wp-json\/wp\/v2\/users\/3"}],"replies":[{"embeddable":true,"href":"https:\/\/prodelcobre.cl\/nueva\/wp-json\/wp\/v2\/comments?post=6949"}],"version-history":[{"count":1,"href":"https:\/\/prodelcobre.cl\/nueva\/wp-json\/wp\/v2\/posts\/6949\/revisions"}],"predecessor-version":[{"id":6951,"href":"https:\/\/prodelcobre.cl\/nueva\/wp-json\/wp\/v2\/posts\/6949\/revisions\/6951"}],"wp:featuredmedia":[{"embeddable":true,"href":"https:\/\/prodelcobre.cl\/nueva\/wp-json\/wp\/v2\/media\/6950"}],"wp:attachment":[{"href":"https:\/\/prodelcobre.cl\/nueva\/wp-json\/wp\/v2\/media?parent=6949"}],"wp:term":[{"taxonomy":"category","embeddable":true,"href":"https:\/\/prodelcobre.cl\/nueva\/wp-json\/wp\/v2\/categories?post=6949"},{"taxonomy":"post_tag","embeddable":true,"href":"https:\/\/prodelcobre.cl\/nueva\/wp-json\/wp\/v2\/tags?post=6949"}],"curies":[{"name":"wp","href":"https:\/\/api.w.org\/{rel}","templated":true}]}}