{"id":6953,"date":"2022-11-23T10:36:31","date_gmt":"2022-11-23T13:36:31","guid":{"rendered":"https:\/\/prodelcobre.cl\/nueva\/?p=6953"},"modified":"2022-11-23T10:36:32","modified_gmt":"2022-11-23T13:36:32","slug":"pequenos-y-medianos-productores-se-ven-afectados-por-remates-mineros","status":"publish","type":"post","link":"https:\/\/prodelcobre.cl\/nueva\/pequenos-y-medianos-productores-se-ven-afectados-por-remates-mineros\/","title":{"rendered":"Peque\u00f1os y medianos productores se ven afectados por remates mineros"},"content":{"rendered":"\n<h2 class=\"wp-block-heading\">Tan solo seis t\u00edtulos de patentes mineras de 1.500 ofertados fueron adquiridos formalmente, los dem\u00e1s fueron a manos del Estado.<\/h2>\n\n\n\n<p class=\"has-medium-font-size\">La situaci\u00f3n de la adquisici\u00f3n de patentes por parte de peque\u00f1os y medianos mineros se ha visto afectada por la adhesi\u00f3n de gran parte de estos al estado, pues tan solo seis, de los m\u00e1s de 1.500 ofertados, fueron adquiridos formalmente por la peque\u00f1a miner\u00eda para el 2022. <\/p>\n\n\n\n<p class=\"has-medium-font-size\">Los miembros de la peque\u00f1a y mediana miner\u00eda indicaron que adem\u00e1s de irse al Estado gran parte de las patentes ofertadas, no existen los suficientes postores y la gran mayor\u00eda de las propiedades fueron caducadas y declaradas terrenos franco.&nbsp;<\/p>\n\n\n\n<p class=\"has-medium-font-size\">Fuentes cercanas al rubro indicaron que el 24 de octubre unas&nbsp;<strong>1.119 pertenencias mineras de explotaci\u00f3n y 414 de exploraci\u00f3n&nbsp;<\/strong>de las comunas de Ovalle, Punitaqui, R\u00edo Hurtado y Monte Patria, fueron rematadas.&nbsp;<\/p>\n","protected":false},"excerpt":{"rendered":"<p>Tan solo seis t\u00edtulos de patentes mineras de 1.500 ofertados fueron adquiridos formalmente, los dem\u00e1s fueron a manos<\/p>\n","protected":false},"author":3,"featured_media":6182,"comment_status":"closed","ping_status":"closed","sticky":false,"template":"","format":"standard","meta":{"footnotes":""},"categories":[51,52],"tags":[75],"class_list":["post-6953","post","type-post","status-publish","format-standard","has-post-thumbnail","hentry","category-chile","category-noticias","tag-mineria-3"],"rttpg_featured_image_url":{"full":["https:\/\/prodelcobre.cl\/nueva\/wp-content\/uploads\/2022\/08\/Minero-Freepik.jpg",525,350,false],"landscape":["https:\/\/prodelcobre.cl\/nueva\/wp-content\/uploads\/2022\/08\/Minero-Freepik.jpg",525,350,false],"portraits":["https:\/\/prodelcobre.cl\/nueva\/wp-content\/uploads\/2022\/08\/Minero-Freepik.jpg",525,350,false],"thumbnail":["https:\/\/prodelcobre.cl\/nueva\/wp-content\/uploads\/2022\/08\/Minero-Freepik-150x150.jpg",150,150,true],"medium":["https:\/\/prodelcobre.cl\/nueva\/wp-content\/uploads\/2022\/08\/Minero-Freepik.jpg",525,350,false],"large":["https:\/\/prodelcobre.cl\/nueva\/wp-content\/uploads\/2022\/08\/Minero-Freepik.jpg",525,350,false],"1536x1536":["https:\/\/prodelcobre.cl\/nueva\/wp-content\/uploads\/2022\/08\/Minero-Freepik.jpg",525,350,false],"2048x2048":["https:\/\/prodelcobre.cl\/nueva\/wp-content\/uploads\/2022\/08\/Minero-Freepik.jpg",525,350,false],"morenews-featured":["https:\/\/prodelcobre.cl\/nueva\/wp-content\/uploads\/2022\/08\/Minero-Freepik.jpg",525,350,false],"morenews-large":["https:\/\/prodelcobre.cl\/nueva\/wp-content\/uploads\/2022\/08\/Minero-Freepik.jpg",525,350,false],"morenews-medium":["https:\/\/prodelcobre.cl\/nueva\/wp-content\/uploads\/2022\/08\/Minero-Freepik.jpg",525,350,false],"psacp-medium":["https:\/\/prodelcobre.cl\/nueva\/wp-content\/uploads\/2022\/08\/Minero-Freepik.jpg",500,333,false]},"rttpg_author":{"display_name":"Francisco P\u00e9rez Alvi\u00e1rez","author_link":"https:\/\/prodelcobre.cl\/nueva\/author\/fperez\/"},"rttpg_comment":0,"rttpg_category":"<a href=\"https:\/\/prodelcobre.cl\/nueva\/category\/chile\/\" rel=\"category tag\">Chile<\/a> <a href=\"https:\/\/prodelcobre.cl\/nueva\/category\/noticias\/\" rel=\"category tag\">Noticias<\/a>","rttpg_excerpt":"Tan solo seis t\u00edtulos de patentes mineras de 1.500 ofertados fueron adquiridos formalmente, los dem\u00e1s fueron a manos","_links":{"self":[{"href":"https:\/\/prodelcobre.cl\/nueva\/wp-json\/wp\/v2\/posts\/6953","targetHints":{"allow":["GET"]}}],"collection":[{"href":"https:\/\/prodelcobre.cl\/nueva\/wp-json\/wp\/v2\/posts"}],"about":[{"href":"https:\/\/prodelcobre.cl\/nueva\/wp-json\/wp\/v2\/types\/post"}],"author":[{"embeddable":true,"href":"https:\/\/prodelcobre.cl\/nueva\/wp-json\/wp\/v2\/users\/3"}],"replies":[{"embeddable":true,"href":"https:\/\/prodelcobre.cl\/nueva\/wp-json\/wp\/v2\/comments?post=6953"}],"version-history":[{"count":1,"href":"https:\/\/prodelcobre.cl\/nueva\/wp-json\/wp\/v2\/posts\/6953\/revisions"}],"predecessor-version":[{"id":6954,"href":"https:\/\/prodelcobre.cl\/nueva\/wp-json\/wp\/v2\/posts\/6953\/revisions\/6954"}],"wp:featuredmedia":[{"embeddable":true,"href":"https:\/\/prodelcobre.cl\/nueva\/wp-json\/wp\/v2\/media\/6182"}],"wp:attachment":[{"href":"https:\/\/prodelcobre.cl\/nueva\/wp-json\/wp\/v2\/media?parent=6953"}],"wp:term":[{"taxonomy":"category","embeddable":true,"href":"https:\/\/prodelcobre.cl\/nueva\/wp-json\/wp\/v2\/categories?post=6953"},{"taxonomy":"post_tag","embeddable":true,"href":"https:\/\/prodelcobre.cl\/nueva\/wp-json\/wp\/v2\/tags?post=6953"}],"curies":[{"name":"wp","href":"https:\/\/api.w.org\/{rel}","templated":true}]}}