{"id":7052,"date":"2022-12-06T10:36:41","date_gmt":"2022-12-06T13:36:41","guid":{"rendered":"https:\/\/prodelcobre.cl\/nueva\/?p=7052"},"modified":"2022-12-06T10:36:42","modified_gmt":"2022-12-06T13:36:42","slug":"senado-y-fef-buscan-disminuir-impacto-ambiental-con-propuesta-de-mineria-verde","status":"publish","type":"post","link":"https:\/\/prodelcobre.cl\/nueva\/senado-y-fef-buscan-disminuir-impacto-ambiental-con-propuesta-de-mineria-verde\/","title":{"rendered":"Senado y FEF buscan disminuir impacto ambiental con propuesta de miner\u00eda verde"},"content":{"rendered":"\n<h2 class=\"wp-block-heading\">Una propuesta entre el sector p\u00fablico y privado se present\u00f3 para debatir sobre viabilidad, mejores pr\u00e1cticas y aportes a una actividad minera con menor impacto ambiental.<\/h2>\n\n\n\n<p class=\"has-medium-font-size\">El libro <strong>\u201cChile tiene futuro desde sus territorios: Miner\u00eda verde para enfrentar la emergencia clim\u00e1tica\u201d<\/strong> se present\u00f3 considerando un diagn\u00f3stico de la industria, propuestas y metas para mejorar la eficiencia y disminuir el impacto ambiental, adem\u00e1s de dar respuestas a exigencias sociales y de gobernanza.<\/p>\n\n\n\n<p class=\"has-medium-font-size\">El documento elaborado por m\u00e1s de 150 expertas, expertos y profesionales que forman parte del ecosistema minero de Chile, fue trabajado durante un a\u00f1o bajo el liderazgo de la&nbsp;<strong>Fundaci\u00f3n Encuentros del Futuro<\/strong>(FEF), la Comisi\u00f3n Desaf\u00edos del Futuro del&nbsp;<strong>Senado<\/strong>, el&nbsp;<strong>Centro de Estudios del Cobre y la Miner\u00eda<\/strong>&nbsp;(Cesco) y el&nbsp;<strong>Congreso Futuro<\/strong>.&nbsp;<\/p>\n\n\n\n<p class=\"has-medium-font-size\">Bajo ese marco, el equipo de trabajo dividi\u00f3 el documento en&nbsp;<strong>cinco ejes tem\u00e1ticos<\/strong>: Descarbonizaci\u00f3n, acceso a mercados y desaf\u00edos tecnol\u00f3gicos; Recurso h\u00eddrico y adaptaci\u00f3n al cambio clim\u00e1tico; Biodiversidad para operaciones mineras sostenibles; Procesamiento de concentrados, miner\u00eda secundaria, reciclaje y pasivos ambientales; y por \u00faltimo, Financiamiento de proyectos estrat\u00e9gicos y de impulso a la innovaci\u00f3n.<\/p>\n","protected":false},"excerpt":{"rendered":"<p>Una propuesta entre el sector p\u00fablico y privado se present\u00f3 para debatir sobre viabilidad, mejores pr\u00e1cticas y aportes<\/p>\n","protected":false},"author":3,"featured_media":5221,"comment_status":"closed","ping_status":"closed","sticky":false,"template":"","format":"standard","meta":{"footnotes":""},"categories":[51,52],"tags":[75],"class_list":["post-7052","post","type-post","status-publish","format-standard","has-post-thumbnail","hentry","category-chile","category-noticias","tag-mineria-3"],"rttpg_featured_image_url":{"full":["https:\/\/prodelcobre.cl\/nueva\/wp-content\/uploads\/2022\/04\/medio-ambiente-freepik.jpg",859,554,false],"landscape":["https:\/\/prodelcobre.cl\/nueva\/wp-content\/uploads\/2022\/04\/medio-ambiente-freepik.jpg",859,554,false],"portraits":["https:\/\/prodelcobre.cl\/nueva\/wp-content\/uploads\/2022\/04\/medio-ambiente-freepik.jpg",859,554,false],"thumbnail":["https:\/\/prodelcobre.cl\/nueva\/wp-content\/uploads\/2022\/04\/medio-ambiente-freepik-150x150.jpg",150,150,true],"medium":["https:\/\/prodelcobre.cl\/nueva\/wp-content\/uploads\/2022\/04\/medio-ambiente-freepik.jpg",859,554,false],"large":["https:\/\/prodelcobre.cl\/nueva\/wp-content\/uploads\/2022\/04\/medio-ambiente-freepik.jpg",859,554,false],"1536x1536":["https:\/\/prodelcobre.cl\/nueva\/wp-content\/uploads\/2022\/04\/medio-ambiente-freepik.jpg",859,554,false],"2048x2048":["https:\/\/prodelcobre.cl\/nueva\/wp-content\/uploads\/2022\/04\/medio-ambiente-freepik.jpg",859,554,false],"morenews-featured":["https:\/\/prodelcobre.cl\/nueva\/wp-content\/uploads\/2022\/04\/medio-ambiente-freepik.jpg",859,554,false],"morenews-large":["https:\/\/prodelcobre.cl\/nueva\/wp-content\/uploads\/2022\/04\/medio-ambiente-freepik.jpg",825,532,false],"morenews-medium":["https:\/\/prodelcobre.cl\/nueva\/wp-content\/uploads\/2022\/04\/medio-ambiente-freepik.jpg",590,381,false],"psacp-medium":["https:\/\/prodelcobre.cl\/nueva\/wp-content\/uploads\/2022\/04\/medio-ambiente-freepik.jpg",500,322,false]},"rttpg_author":{"display_name":"Francisco P\u00e9rez Alvi\u00e1rez","author_link":"https:\/\/prodelcobre.cl\/nueva\/author\/fperez\/"},"rttpg_comment":0,"rttpg_category":"<a href=\"https:\/\/prodelcobre.cl\/nueva\/category\/chile\/\" rel=\"category tag\">Chile<\/a> <a href=\"https:\/\/prodelcobre.cl\/nueva\/category\/noticias\/\" rel=\"category tag\">Noticias<\/a>","rttpg_excerpt":"Una propuesta entre el sector p\u00fablico y privado se present\u00f3 para debatir sobre viabilidad, mejores pr\u00e1cticas y aportes","_links":{"self":[{"href":"https:\/\/prodelcobre.cl\/nueva\/wp-json\/wp\/v2\/posts\/7052","targetHints":{"allow":["GET"]}}],"collection":[{"href":"https:\/\/prodelcobre.cl\/nueva\/wp-json\/wp\/v2\/posts"}],"about":[{"href":"https:\/\/prodelcobre.cl\/nueva\/wp-json\/wp\/v2\/types\/post"}],"author":[{"embeddable":true,"href":"https:\/\/prodelcobre.cl\/nueva\/wp-json\/wp\/v2\/users\/3"}],"replies":[{"embeddable":true,"href":"https:\/\/prodelcobre.cl\/nueva\/wp-json\/wp\/v2\/comments?post=7052"}],"version-history":[{"count":1,"href":"https:\/\/prodelcobre.cl\/nueva\/wp-json\/wp\/v2\/posts\/7052\/revisions"}],"predecessor-version":[{"id":7053,"href":"https:\/\/prodelcobre.cl\/nueva\/wp-json\/wp\/v2\/posts\/7052\/revisions\/7053"}],"wp:featuredmedia":[{"embeddable":true,"href":"https:\/\/prodelcobre.cl\/nueva\/wp-json\/wp\/v2\/media\/5221"}],"wp:attachment":[{"href":"https:\/\/prodelcobre.cl\/nueva\/wp-json\/wp\/v2\/media?parent=7052"}],"wp:term":[{"taxonomy":"category","embeddable":true,"href":"https:\/\/prodelcobre.cl\/nueva\/wp-json\/wp\/v2\/categories?post=7052"},{"taxonomy":"post_tag","embeddable":true,"href":"https:\/\/prodelcobre.cl\/nueva\/wp-json\/wp\/v2\/tags?post=7052"}],"curies":[{"name":"wp","href":"https:\/\/api.w.org\/{rel}","templated":true}]}}