{"id":7064,"date":"2022-12-07T10:03:09","date_gmt":"2022-12-07T13:03:09","guid":{"rendered":"https:\/\/prodelcobre.cl\/nueva\/?p=7064"},"modified":"2022-12-07T10:03:10","modified_gmt":"2022-12-07T13:03:10","slug":"tierra-amarilla-estrena-la-primera-planta-fotovoltaica-construida-sobre-un-tranque-de-relaves-cerrado","status":"publish","type":"post","link":"https:\/\/prodelcobre.cl\/nueva\/tierra-amarilla-estrena-la-primera-planta-fotovoltaica-construida-sobre-un-tranque-de-relaves-cerrado\/","title":{"rendered":"Tierra Amarilla estrena la primera planta fotovoltaica construida sobre un tranque de relaves cerrado"},"content":{"rendered":"\n<h2 class=\"wp-block-heading\">La obra ejecutada por Pucobre y AES Gener cont\u00f3 durante su inauguraci\u00f3n con la presencia de la ministra de Miner\u00eda, Marcela Hernando.<\/h2>\n\n\n\n<p class=\"has-medium-font-size\">La principal secretaria de Miner\u00eda lider\u00f3 la inauguraci\u00f3n de la primera planta fotovoltaica construida sobre un tranque de relave cerrado, una iniciativa que permite a la minera autoabastecerse a trav\u00e9s de Energ\u00edas Renovables No Convencionales (ERNC) y, a la vez, reutilizar un terreno est\u00e9ril, contribuyendo a disminuir la poluci\u00f3n medioambiental.<\/p>\n\n\n\n<p class=\"has-medium-font-size\">El parque solar, que se encuentra emplazado en un terreno de 4,5 hect\u00e1reas en Tierra Amarilla, cont\u00f3 con una inversi\u00f3n de US $3 millones y tiene una capacidad de 3 MW, energ\u00eda que ser\u00e1 usada para la planta de flotaci\u00f3n San Jos\u00e9 de Pucobre.<\/p>\n\n\n\n<p class=\"has-medium-font-size\">Esto se suma al contrato de energ\u00eda 100% renovable con que ya cuenta la minera desde enero 2021, y que abastece la totalidad de sus operaciones productivas.<\/p>\n","protected":false},"excerpt":{"rendered":"<p>La obra ejecutada por Pucobre y AES Gener cont\u00f3 durante su inauguraci\u00f3n con la presencia de la ministra<\/p>\n","protected":false},"author":3,"featured_media":5338,"comment_status":"closed","ping_status":"closed","sticky":false,"template":"","format":"standard","meta":{"footnotes":""},"categories":[51,59,52],"tags":[237],"class_list":["post-7064","post","type-post","status-publish","format-standard","has-post-thumbnail","hentry","category-chile","category-energia","category-noticias","tag-energia-2"],"rttpg_featured_image_url":{"full":["https:\/\/prodelcobre.cl\/nueva\/wp-content\/uploads\/2022\/05\/energia-sustentable.jpg",725,466,false],"landscape":["https:\/\/prodelcobre.cl\/nueva\/wp-content\/uploads\/2022\/05\/energia-sustentable.jpg",725,466,false],"portraits":["https:\/\/prodelcobre.cl\/nueva\/wp-content\/uploads\/2022\/05\/energia-sustentable.jpg",725,466,false],"thumbnail":["https:\/\/prodelcobre.cl\/nueva\/wp-content\/uploads\/2022\/05\/energia-sustentable-150x150.jpg",150,150,true],"medium":["https:\/\/prodelcobre.cl\/nueva\/wp-content\/uploads\/2022\/05\/energia-sustentable.jpg",725,466,false],"large":["https:\/\/prodelcobre.cl\/nueva\/wp-content\/uploads\/2022\/05\/energia-sustentable.jpg",725,466,false],"1536x1536":["https:\/\/prodelcobre.cl\/nueva\/wp-content\/uploads\/2022\/05\/energia-sustentable.jpg",725,466,false],"2048x2048":["https:\/\/prodelcobre.cl\/nueva\/wp-content\/uploads\/2022\/05\/energia-sustentable.jpg",725,466,false],"morenews-featured":["https:\/\/prodelcobre.cl\/nueva\/wp-content\/uploads\/2022\/05\/energia-sustentable.jpg",725,466,false],"morenews-large":["https:\/\/prodelcobre.cl\/nueva\/wp-content\/uploads\/2022\/05\/energia-sustentable.jpg",725,466,false],"morenews-medium":["https:\/\/prodelcobre.cl\/nueva\/wp-content\/uploads\/2022\/05\/energia-sustentable.jpg",590,379,false],"psacp-medium":["https:\/\/prodelcobre.cl\/nueva\/wp-content\/uploads\/2022\/05\/energia-sustentable.jpg",500,321,false]},"rttpg_author":{"display_name":"Francisco P\u00e9rez Alvi\u00e1rez","author_link":"https:\/\/prodelcobre.cl\/nueva\/author\/fperez\/"},"rttpg_comment":0,"rttpg_category":"<a href=\"https:\/\/prodelcobre.cl\/nueva\/category\/chile\/\" rel=\"category tag\">Chile<\/a> <a href=\"https:\/\/prodelcobre.cl\/nueva\/category\/energia\/\" rel=\"category tag\">Energ\u00eda<\/a> <a href=\"https:\/\/prodelcobre.cl\/nueva\/category\/noticias\/\" rel=\"category tag\">Noticias<\/a>","rttpg_excerpt":"La obra ejecutada por Pucobre y AES Gener cont\u00f3 durante su inauguraci\u00f3n con la presencia de la ministra","_links":{"self":[{"href":"https:\/\/prodelcobre.cl\/nueva\/wp-json\/wp\/v2\/posts\/7064","targetHints":{"allow":["GET"]}}],"collection":[{"href":"https:\/\/prodelcobre.cl\/nueva\/wp-json\/wp\/v2\/posts"}],"about":[{"href":"https:\/\/prodelcobre.cl\/nueva\/wp-json\/wp\/v2\/types\/post"}],"author":[{"embeddable":true,"href":"https:\/\/prodelcobre.cl\/nueva\/wp-json\/wp\/v2\/users\/3"}],"replies":[{"embeddable":true,"href":"https:\/\/prodelcobre.cl\/nueva\/wp-json\/wp\/v2\/comments?post=7064"}],"version-history":[{"count":1,"href":"https:\/\/prodelcobre.cl\/nueva\/wp-json\/wp\/v2\/posts\/7064\/revisions"}],"predecessor-version":[{"id":7065,"href":"https:\/\/prodelcobre.cl\/nueva\/wp-json\/wp\/v2\/posts\/7064\/revisions\/7065"}],"wp:featuredmedia":[{"embeddable":true,"href":"https:\/\/prodelcobre.cl\/nueva\/wp-json\/wp\/v2\/media\/5338"}],"wp:attachment":[{"href":"https:\/\/prodelcobre.cl\/nueva\/wp-json\/wp\/v2\/media?parent=7064"}],"wp:term":[{"taxonomy":"category","embeddable":true,"href":"https:\/\/prodelcobre.cl\/nueva\/wp-json\/wp\/v2\/categories?post=7064"},{"taxonomy":"post_tag","embeddable":true,"href":"https:\/\/prodelcobre.cl\/nueva\/wp-json\/wp\/v2\/tags?post=7064"}],"curies":[{"name":"wp","href":"https:\/\/api.w.org\/{rel}","templated":true}]}}