{"id":7124,"date":"2022-12-19T10:23:13","date_gmt":"2022-12-19T13:23:13","guid":{"rendered":"https:\/\/prodelcobre.cl\/nueva\/?p=7124"},"modified":"2022-12-19T10:23:15","modified_gmt":"2022-12-19T13:23:15","slug":"prochile-reunio-a-los-principales-actores-mineros-para-fortalecer-el-sector","status":"publish","type":"post","link":"https:\/\/prodelcobre.cl\/nueva\/prochile-reunio-a-los-principales-actores-mineros-para-fortalecer-el-sector\/","title":{"rendered":"Prochile reuni\u00f3 a los principales actores mineros para fortalecer el sector"},"content":{"rendered":"\n<h2 class=\"wp-block-heading\">El objetivo principal de la iniciativa, liderada y coordinada por ProChile, es fortalecer la estrategia de internacionalizaci\u00f3n de las empresas del sector de proveedores de bienes y servicios para la miner\u00eda.<\/h2>\n\n\n\n<p class=\"has-medium-font-size\">En Conc\u00f3n se llev\u00f3 a cabo la \u201cMesa para la Internacionalizaci\u00f3n de las Soluciones para la Miner\u00eda de Chile\u201d, que cont\u00f3 con la presencia de la Subsecretar\u00eda de Miner\u00eda, la Corporaci\u00f3n Alta Ley, Asiva, Minnovex, Aprimin, la AIA, al Cl\u00faster Minero de Antofagasta, AndesMETS, Auscham, Endeavor y a la Fundaci\u00f3n Chile a trav\u00e9s de su programa Expande.<\/p>\n\n\n\n<p class=\"has-medium-font-size\">Los asistentes contaron previamente con un conversatorio con cuatro ejes fundamentales: caracterizaci\u00f3n de los proveedores mineros, fuentes de financiamiento para el sector, equidad de g\u00e9nero en el sector y estrategia de marketing y difusi\u00f3n.<\/p>\n\n\n\n<p class=\"has-medium-font-size\">El programa de actividades continu\u00f3 con la presentaci\u00f3n de los principales resultados del Reporte de Exportaciones de Proveedores de la Miner\u00eda Chilena, documento elaborado por la Subsecretar\u00eda de Relaciones Econ\u00f3micas Internacionales y ProChile y que este a\u00f1o 2022 registra su sexta edici\u00f3n.<\/p>\n\n\n\n<p class=\"has-medium-font-size\">Entre los principales datos del reporte, se destaca que durante el a\u00f1o 2021, un total de 432 empresas proveedoras de la miner\u00eda exportaron 285 productos y\/o servicios diferentes, sumando en forma colectiva ventas al exterior por US$ 681 millones, un 37% superior a los montos exportados durante el a\u00f1o 2020. Los productos y servicios del sector se dirigieron a un total de 87 mercados distintos, \u00e9stas 432 exportadoras representan el 5% del universo de empresas proveedoras mineras (8.711), sus env\u00edos representaron un 0,76% de las exportaciones totales chilenas y 1,2% de las exportaciones correspondientes al sector minero en el a\u00f1o 2021.<\/p>\n","protected":false},"excerpt":{"rendered":"<p>El objetivo principal de la iniciativa, liderada y coordinada por ProChile, es fortalecer la estrategia de internacionalizaci\u00f3n de<\/p>\n","protected":false},"author":3,"featured_media":6008,"comment_status":"closed","ping_status":"closed","sticky":false,"template":"","format":"standard","meta":{"footnotes":""},"categories":[51,52],"tags":[349],"class_list":["post-7124","post","type-post","status-publish","format-standard","has-post-thumbnail","hentry","category-chile","category-noticias","tag-prochile"],"rttpg_featured_image_url":{"full":["https:\/\/prodelcobre.cl\/nueva\/wp-content\/uploads\/2022\/07\/rocas-freepik-mineria.jpg",597,389,false],"landscape":["https:\/\/prodelcobre.cl\/nueva\/wp-content\/uploads\/2022\/07\/rocas-freepik-mineria.jpg",597,389,false],"portraits":["https:\/\/prodelcobre.cl\/nueva\/wp-content\/uploads\/2022\/07\/rocas-freepik-mineria.jpg",597,389,false],"thumbnail":["https:\/\/prodelcobre.cl\/nueva\/wp-content\/uploads\/2022\/07\/rocas-freepik-mineria-150x150.jpg",150,150,true],"medium":["https:\/\/prodelcobre.cl\/nueva\/wp-content\/uploads\/2022\/07\/rocas-freepik-mineria.jpg",597,389,false],"large":["https:\/\/prodelcobre.cl\/nueva\/wp-content\/uploads\/2022\/07\/rocas-freepik-mineria.jpg",597,389,false],"1536x1536":["https:\/\/prodelcobre.cl\/nueva\/wp-content\/uploads\/2022\/07\/rocas-freepik-mineria.jpg",597,389,false],"2048x2048":["https:\/\/prodelcobre.cl\/nueva\/wp-content\/uploads\/2022\/07\/rocas-freepik-mineria.jpg",597,389,false],"morenews-featured":["https:\/\/prodelcobre.cl\/nueva\/wp-content\/uploads\/2022\/07\/rocas-freepik-mineria.jpg",597,389,false],"morenews-large":["https:\/\/prodelcobre.cl\/nueva\/wp-content\/uploads\/2022\/07\/rocas-freepik-mineria.jpg",597,389,false],"morenews-medium":["https:\/\/prodelcobre.cl\/nueva\/wp-content\/uploads\/2022\/07\/rocas-freepik-mineria.jpg",590,384,false],"psacp-medium":["https:\/\/prodelcobre.cl\/nueva\/wp-content\/uploads\/2022\/07\/rocas-freepik-mineria.jpg",500,326,false]},"rttpg_author":{"display_name":"Francisco P\u00e9rez Alvi\u00e1rez","author_link":"https:\/\/prodelcobre.cl\/nueva\/author\/fperez\/"},"rttpg_comment":0,"rttpg_category":"<a href=\"https:\/\/prodelcobre.cl\/nueva\/category\/chile\/\" rel=\"category tag\">Chile<\/a> <a href=\"https:\/\/prodelcobre.cl\/nueva\/category\/noticias\/\" rel=\"category tag\">Noticias<\/a>","rttpg_excerpt":"El objetivo principal de la iniciativa, liderada y coordinada por ProChile, es fortalecer la estrategia de internacionalizaci\u00f3n de","_links":{"self":[{"href":"https:\/\/prodelcobre.cl\/nueva\/wp-json\/wp\/v2\/posts\/7124","targetHints":{"allow":["GET"]}}],"collection":[{"href":"https:\/\/prodelcobre.cl\/nueva\/wp-json\/wp\/v2\/posts"}],"about":[{"href":"https:\/\/prodelcobre.cl\/nueva\/wp-json\/wp\/v2\/types\/post"}],"author":[{"embeddable":true,"href":"https:\/\/prodelcobre.cl\/nueva\/wp-json\/wp\/v2\/users\/3"}],"replies":[{"embeddable":true,"href":"https:\/\/prodelcobre.cl\/nueva\/wp-json\/wp\/v2\/comments?post=7124"}],"version-history":[{"count":1,"href":"https:\/\/prodelcobre.cl\/nueva\/wp-json\/wp\/v2\/posts\/7124\/revisions"}],"predecessor-version":[{"id":7125,"href":"https:\/\/prodelcobre.cl\/nueva\/wp-json\/wp\/v2\/posts\/7124\/revisions\/7125"}],"wp:featuredmedia":[{"embeddable":true,"href":"https:\/\/prodelcobre.cl\/nueva\/wp-json\/wp\/v2\/media\/6008"}],"wp:attachment":[{"href":"https:\/\/prodelcobre.cl\/nueva\/wp-json\/wp\/v2\/media?parent=7124"}],"wp:term":[{"taxonomy":"category","embeddable":true,"href":"https:\/\/prodelcobre.cl\/nueva\/wp-json\/wp\/v2\/categories?post=7124"},{"taxonomy":"post_tag","embeddable":true,"href":"https:\/\/prodelcobre.cl\/nueva\/wp-json\/wp\/v2\/tags?post=7124"}],"curies":[{"name":"wp","href":"https:\/\/api.w.org\/{rel}","templated":true}]}}