{"id":7129,"date":"2022-12-20T09:43:49","date_gmt":"2022-12-20T12:43:49","guid":{"rendered":"https:\/\/prodelcobre.cl\/nueva\/?p=7129"},"modified":"2022-12-20T09:43:51","modified_gmt":"2022-12-20T12:43:51","slug":"aprimin-eligio-4-nuevos-directores-para-el-periodo-2023-2024","status":"publish","type":"post","link":"https:\/\/prodelcobre.cl\/nueva\/aprimin-eligio-4-nuevos-directores-para-el-periodo-2023-2024\/","title":{"rendered":"Aprimin eligi\u00f3 4 nuevos directores para el periodo 2023-2024"},"content":{"rendered":"\n<h2 class=\"wp-block-heading\">En el marco de la XIX Asamblea Anual de la Asociaci\u00f3n de Proveedores Industriales de la Miner\u00eda, (APRIMIN), que ya cuenta con 124 empresas afiliadas, ejecutivos y representantes de estas empresas se reunieron de forma presencial y virtual para elegir a 4 nuevos miembros del Directorio para el periodo 2023-2024.<\/h2>\n\n\n\n<p class=\"has-medium-font-size\">A trav\u00e9s de un sistema seguro e innovador de voto online y de acuerdo a los estatutos de Aprimin, los 4 Directores elegidos fueron:<br><br>\u00b7&nbsp;&nbsp;&nbsp;&nbsp;&nbsp;&nbsp; Roberto Lecaros, VP Global Marketing and TD &#8211; ME Elecmetal<br>\u00b7&nbsp;&nbsp;&nbsp;&nbsp;&nbsp;&nbsp; Evelyn Galaz, Socia Tax &amp; Legal, TSM &#8211; Deloitte<br>\u00b7&nbsp;&nbsp;&nbsp;&nbsp;&nbsp;&nbsp; Luciano L\u00f3pez, Gerente General \u2013 Enaex Servicios<br>\u00b7&nbsp;&nbsp;&nbsp;&nbsp;&nbsp;&nbsp; Ari Bermann, Vicepresidente de CIS &#8211; Aramark<br><\/p>\n\n\n\n<p class=\"has-medium-font-size\">A su vez, se mantienen como Directores durante el periodo 2023:<br>\u00b7&nbsp;&nbsp;&nbsp;&nbsp;&nbsp;&nbsp; Philippe Hemmerdinger, gerente general TTM<br>\u00b7&nbsp;&nbsp;&nbsp;&nbsp;&nbsp;&nbsp; Eduardo Nilo, presidente Metso Outotec Sudam\u00e9rica<br>\u00b7&nbsp;&nbsp;&nbsp;&nbsp;&nbsp;&nbsp; Anita Marambio, gerente general Workmate<br>\u00b7&nbsp;&nbsp;&nbsp;&nbsp;&nbsp;&nbsp; Sof\u00eda Arrigoni, Directora Grupo Arrigoni<br>\u00b7&nbsp;&nbsp;&nbsp;&nbsp;&nbsp;&nbsp; Carlos Soto, vicepresidente \/ gerente general Komatsu Chile<br>\u00b7&nbsp;&nbsp;&nbsp;&nbsp;&nbsp;&nbsp; Mart\u00edn Brenner, gerente general \u2013 Director Regional LATAM Vulco<br>\u00b7&nbsp;&nbsp;&nbsp;&nbsp;&nbsp;&nbsp; Juan Pablo Amar, presidente ejecutivo Finning Sudam\u00e9rica<br>&nbsp;<br>La actividad fue encabezada por el presidente de Aprimin, Philippe Hemmerdinger, destac\u00f3 la elecci\u00f3n de los 4 nuevos Directores electos, dese\u00e1ndoles una activa y exitosa gesti\u00f3n en servicio de la Asociaci\u00f3n.<br>&nbsp;<br>En su discurso, reiter\u00f3 la importancia de la participaci\u00f3n de los asociados de Aprimin en sus respectivos comit\u00e9s de trabajo, cuya presencia de las empresas asociadas contin\u00faa en aumento, se\u00f1alando que una forma de validar lo desarrollado por Aprimin, es seguir trabajando con las asociaciones regionales como la AIA, AII, Corproa, as\u00ed como con gremios nacionales como Sofofa, Sonami, Consejo Minero y las autoridades sectoriales, entre otras organizaciones.<br><br>En tanto, el director ejecutivo de Aprimin, Sergio Hern\u00e1ndez, repas\u00f3 las principales actividades del gremio realizadas en el periodo 2022, destacando los 4 desayunos de proyectos junto a Teck, Antofagasta Minerals, Enami y Collahuasi; los 8 programas Networking \u201cClub de la Miner\u00eda\u201d, el Seminario Anual de Innovaci\u00f3n y las dos Cenas Anuales realizadas el a\u00f1o 2022 (5 enero y 30 de noviembre). A su vez, present\u00f3 el v\u00eddeo corporativo de Aprimin 2022 que resume en gran parte las acciones realizadas durante el \u00faltimo a\u00f1o de intensa actividad gremial. <br><\/p>\n","protected":false},"excerpt":{"rendered":"<p>En el marco de la XIX Asamblea Anual de la Asociaci\u00f3n de Proveedores Industriales de la Miner\u00eda, (APRIMIN),<\/p>\n","protected":false},"author":3,"featured_media":7130,"comment_status":"closed","ping_status":"closed","sticky":false,"template":"","format":"standard","meta":{"footnotes":""},"categories":[51,52],"tags":[149],"class_list":["post-7129","post","type-post","status-publish","format-standard","has-post-thumbnail","hentry","category-chile","category-noticias","tag-aprimin"],"rttpg_featured_image_url":{"full":["https:\/\/prodelcobre.cl\/nueva\/wp-content\/uploads\/2022\/12\/aprimin.jpg",1178,664,false],"landscape":["https:\/\/prodelcobre.cl\/nueva\/wp-content\/uploads\/2022\/12\/aprimin.jpg",1178,664,false],"portraits":["https:\/\/prodelcobre.cl\/nueva\/wp-content\/uploads\/2022\/12\/aprimin.jpg",1178,664,false],"thumbnail":["https:\/\/prodelcobre.cl\/nueva\/wp-content\/uploads\/2022\/12\/aprimin-150x150.jpg",150,150,true],"medium":["https:\/\/prodelcobre.cl\/nueva\/wp-content\/uploads\/2022\/12\/aprimin.jpg",1178,664,false],"large":["https:\/\/prodelcobre.cl\/nueva\/wp-content\/uploads\/2022\/12\/aprimin.jpg",1178,664,false],"1536x1536":["https:\/\/prodelcobre.cl\/nueva\/wp-content\/uploads\/2022\/12\/aprimin.jpg",1178,664,false],"2048x2048":["https:\/\/prodelcobre.cl\/nueva\/wp-content\/uploads\/2022\/12\/aprimin.jpg",1178,664,false],"morenews-featured":["https:\/\/prodelcobre.cl\/nueva\/wp-content\/uploads\/2022\/12\/aprimin.jpg",1024,577,false],"morenews-large":["https:\/\/prodelcobre.cl\/nueva\/wp-content\/uploads\/2022\/12\/aprimin.jpg",825,465,false],"morenews-medium":["https:\/\/prodelcobre.cl\/nueva\/wp-content\/uploads\/2022\/12\/aprimin.jpg",590,333,false],"psacp-medium":["https:\/\/prodelcobre.cl\/nueva\/wp-content\/uploads\/2022\/12\/aprimin.jpg",500,282,false]},"rttpg_author":{"display_name":"Francisco P\u00e9rez Alvi\u00e1rez","author_link":"https:\/\/prodelcobre.cl\/nueva\/author\/fperez\/"},"rttpg_comment":0,"rttpg_category":"<a href=\"https:\/\/prodelcobre.cl\/nueva\/category\/chile\/\" rel=\"category tag\">Chile<\/a> <a href=\"https:\/\/prodelcobre.cl\/nueva\/category\/noticias\/\" rel=\"category tag\">Noticias<\/a>","rttpg_excerpt":"En el marco de la XIX Asamblea Anual de la Asociaci\u00f3n de Proveedores Industriales de la Miner\u00eda, (APRIMIN),","_links":{"self":[{"href":"https:\/\/prodelcobre.cl\/nueva\/wp-json\/wp\/v2\/posts\/7129","targetHints":{"allow":["GET"]}}],"collection":[{"href":"https:\/\/prodelcobre.cl\/nueva\/wp-json\/wp\/v2\/posts"}],"about":[{"href":"https:\/\/prodelcobre.cl\/nueva\/wp-json\/wp\/v2\/types\/post"}],"author":[{"embeddable":true,"href":"https:\/\/prodelcobre.cl\/nueva\/wp-json\/wp\/v2\/users\/3"}],"replies":[{"embeddable":true,"href":"https:\/\/prodelcobre.cl\/nueva\/wp-json\/wp\/v2\/comments?post=7129"}],"version-history":[{"count":1,"href":"https:\/\/prodelcobre.cl\/nueva\/wp-json\/wp\/v2\/posts\/7129\/revisions"}],"predecessor-version":[{"id":7131,"href":"https:\/\/prodelcobre.cl\/nueva\/wp-json\/wp\/v2\/posts\/7129\/revisions\/7131"}],"wp:featuredmedia":[{"embeddable":true,"href":"https:\/\/prodelcobre.cl\/nueva\/wp-json\/wp\/v2\/media\/7130"}],"wp:attachment":[{"href":"https:\/\/prodelcobre.cl\/nueva\/wp-json\/wp\/v2\/media?parent=7129"}],"wp:term":[{"taxonomy":"category","embeddable":true,"href":"https:\/\/prodelcobre.cl\/nueva\/wp-json\/wp\/v2\/categories?post=7129"},{"taxonomy":"post_tag","embeddable":true,"href":"https:\/\/prodelcobre.cl\/nueva\/wp-json\/wp\/v2\/tags?post=7129"}],"curies":[{"name":"wp","href":"https:\/\/api.w.org\/{rel}","templated":true}]}}