{"id":7314,"date":"2023-01-17T18:45:41","date_gmt":"2023-01-17T21:45:41","guid":{"rendered":"https:\/\/prodelcobre.cl\/nueva\/?p=7314"},"modified":"2023-01-17T18:45:42","modified_gmt":"2023-01-17T21:45:42","slug":"inician-nuevo-proyecto-fotovoltaico-en-la-region-de-valparaiso","status":"publish","type":"post","link":"https:\/\/prodelcobre.cl\/nueva\/inician-nuevo-proyecto-fotovoltaico-en-la-region-de-valparaiso\/","title":{"rendered":"Inician nuevo proyecto fotovoltaico en la Regi\u00f3n de Valpara\u00edso"},"content":{"rendered":"\n<h2 class=\"wp-block-heading\">El Ingenio ser\u00e1 un Peque\u00f1o Medio de Generaci\u00f3n Distribuida (PMGD) con una distribuci\u00f3n de 15 hect\u00e1reas.<\/h2>\n\n\n\n<p class=\"has-medium-font-size\"><strong>En La Ligua, Regi\u00f3n de Valpara\u00edso, <\/strong>Solek inici\u00f3 la construcci\u00f3n de su nuevo parque solar fotovoltaico El Ingenio, con una capacidad instalada de 9,8 MW a trav\u00e9s de la instalaci\u00f3n de 2 subestaciones, 18.144 paneles solares y 36 inversores e involucra una inversi\u00f3n aproximada de US $10 millones.<\/p>\n\n\n\n<p class=\"has-medium-font-size\">La construcci\u00f3n de este nuevo parque solar es todo un desaf\u00edo por la alta presencia de rocas su ubicaci\u00f3n donde no es posible utilizar agua en ninguna de las etapas de edificaci\u00f3n.<\/p>\n\n\n\n<p class=\"has-medium-font-size\">Este tipo de proyectos, seg\u00fan indic\u00f3 la empresa, son el ejemplo de que las energ\u00edas limpias como la solar, pueden ser una soluci\u00f3n efectiva e inmediata a problemas energ\u00e9ticos.<\/p>\n","protected":false},"excerpt":{"rendered":"<p>El Ingenio ser\u00e1 un Peque\u00f1o Medio de Generaci\u00f3n Distribuida (PMGD) con una distribuci\u00f3n de 15 hect\u00e1reas. En La<\/p>\n","protected":false},"author":3,"featured_media":5212,"comment_status":"closed","ping_status":"closed","sticky":false,"template":"","format":"standard","meta":{"footnotes":""},"categories":[51,59,52],"tags":[237],"class_list":["post-7314","post","type-post","status-publish","format-standard","has-post-thumbnail","hentry","category-chile","category-energia","category-noticias","tag-energia-2"],"rttpg_featured_image_url":{"full":["https:\/\/prodelcobre.cl\/nueva\/wp-content\/uploads\/2022\/04\/panel-solar-freepik.jpg",765,509,false],"landscape":["https:\/\/prodelcobre.cl\/nueva\/wp-content\/uploads\/2022\/04\/panel-solar-freepik.jpg",765,509,false],"portraits":["https:\/\/prodelcobre.cl\/nueva\/wp-content\/uploads\/2022\/04\/panel-solar-freepik.jpg",765,509,false],"thumbnail":["https:\/\/prodelcobre.cl\/nueva\/wp-content\/uploads\/2022\/04\/panel-solar-freepik-150x150.jpg",150,150,true],"medium":["https:\/\/prodelcobre.cl\/nueva\/wp-content\/uploads\/2022\/04\/panel-solar-freepik.jpg",765,509,false],"large":["https:\/\/prodelcobre.cl\/nueva\/wp-content\/uploads\/2022\/04\/panel-solar-freepik.jpg",765,509,false],"1536x1536":["https:\/\/prodelcobre.cl\/nueva\/wp-content\/uploads\/2022\/04\/panel-solar-freepik.jpg",765,509,false],"2048x2048":["https:\/\/prodelcobre.cl\/nueva\/wp-content\/uploads\/2022\/04\/panel-solar-freepik.jpg",765,509,false],"morenews-featured":["https:\/\/prodelcobre.cl\/nueva\/wp-content\/uploads\/2022\/04\/panel-solar-freepik.jpg",765,509,false],"morenews-large":["https:\/\/prodelcobre.cl\/nueva\/wp-content\/uploads\/2022\/04\/panel-solar-freepik.jpg",765,509,false],"morenews-medium":["https:\/\/prodelcobre.cl\/nueva\/wp-content\/uploads\/2022\/04\/panel-solar-freepik.jpg",590,393,false],"psacp-medium":["https:\/\/prodelcobre.cl\/nueva\/wp-content\/uploads\/2022\/04\/panel-solar-freepik.jpg",500,333,false]},"rttpg_author":{"display_name":"Francisco P\u00e9rez Alvi\u00e1rez","author_link":"https:\/\/prodelcobre.cl\/nueva\/author\/fperez\/"},"rttpg_comment":0,"rttpg_category":"<a href=\"https:\/\/prodelcobre.cl\/nueva\/category\/chile\/\" rel=\"category tag\">Chile<\/a> <a href=\"https:\/\/prodelcobre.cl\/nueva\/category\/energia\/\" rel=\"category tag\">Energ\u00eda<\/a> <a href=\"https:\/\/prodelcobre.cl\/nueva\/category\/noticias\/\" rel=\"category tag\">Noticias<\/a>","rttpg_excerpt":"El Ingenio ser\u00e1 un Peque\u00f1o Medio de Generaci\u00f3n Distribuida (PMGD) con una distribuci\u00f3n de 15 hect\u00e1reas. En La","_links":{"self":[{"href":"https:\/\/prodelcobre.cl\/nueva\/wp-json\/wp\/v2\/posts\/7314","targetHints":{"allow":["GET"]}}],"collection":[{"href":"https:\/\/prodelcobre.cl\/nueva\/wp-json\/wp\/v2\/posts"}],"about":[{"href":"https:\/\/prodelcobre.cl\/nueva\/wp-json\/wp\/v2\/types\/post"}],"author":[{"embeddable":true,"href":"https:\/\/prodelcobre.cl\/nueva\/wp-json\/wp\/v2\/users\/3"}],"replies":[{"embeddable":true,"href":"https:\/\/prodelcobre.cl\/nueva\/wp-json\/wp\/v2\/comments?post=7314"}],"version-history":[{"count":1,"href":"https:\/\/prodelcobre.cl\/nueva\/wp-json\/wp\/v2\/posts\/7314\/revisions"}],"predecessor-version":[{"id":7315,"href":"https:\/\/prodelcobre.cl\/nueva\/wp-json\/wp\/v2\/posts\/7314\/revisions\/7315"}],"wp:featuredmedia":[{"embeddable":true,"href":"https:\/\/prodelcobre.cl\/nueva\/wp-json\/wp\/v2\/media\/5212"}],"wp:attachment":[{"href":"https:\/\/prodelcobre.cl\/nueva\/wp-json\/wp\/v2\/media?parent=7314"}],"wp:term":[{"taxonomy":"category","embeddable":true,"href":"https:\/\/prodelcobre.cl\/nueva\/wp-json\/wp\/v2\/categories?post=7314"},{"taxonomy":"post_tag","embeddable":true,"href":"https:\/\/prodelcobre.cl\/nueva\/wp-json\/wp\/v2\/tags?post=7314"}],"curies":[{"name":"wp","href":"https:\/\/api.w.org\/{rel}","templated":true}]}}