{"id":7317,"date":"2023-01-18T10:20:30","date_gmt":"2023-01-18T13:20:30","guid":{"rendered":"https:\/\/prodelcobre.cl\/nueva\/?p=7317"},"modified":"2023-01-18T10:20:31","modified_gmt":"2023-01-18T13:20:31","slug":"supervisan-detalles-para-el-retiro-de-plataforma-varada-en-los-vilos","status":"publish","type":"post","link":"https:\/\/prodelcobre.cl\/nueva\/supervisan-detalles-para-el-retiro-de-plataforma-varada-en-los-vilos\/","title":{"rendered":"Supervisan detalles para el retiro de plataforma varada en Los Vilos"},"content":{"rendered":"\n<h2 class=\"wp-block-heading\">La Red Nacional de Fiscalizaci\u00f3n Ambiental realiza una supervisi\u00f3n para rescatar la plataforma Jack Up de la empresa Belfi, varada en la playa Amarilla de Los Vilos.<\/h2>\n\n\n\n<p class=\"has-medium-font-size\">El pasado martes asistieron diversos representantes y delegados gubernamentales para verificar las condiciones para el resguardo de la zona mientras se planifica el retiro de la plataforma varada en la playa. Esta visita realizada estuvo encabezada por la delegada presidencial provincial del Choapa, el secretario regional ministerial del Medio Ambiente, el gobernador mar\u00edtimo de Coquimbo, el director provincial del SAG en Choapa, el capit\u00e1n de Puerto de Los Vilos, la jefa regional (s) de la Superintendencia del Medio Ambiente (SMA) y el alcalde de Los Vilos.<\/p>\n\n\n\n<p class=\"has-medium-font-size\">Durante la jornada, personal de la SMA&nbsp;<strong>verific\u00f3 que la instalaci\u00f3n de paneles ac\u00fasticos para controlar el ruido producto de las faenas, estuvieran funcionando adecuadamente.<\/strong>&nbsp;Ello para&nbsp;<strong>evitar que esa contaminaci\u00f3n ac\u00fastica afectara a la biodiversidad del Santuario de la Naturaleza Laguna de Conchal\u00ed.<\/strong>&nbsp;<\/p>\n","protected":false},"excerpt":{"rendered":"<p>La Red Nacional de Fiscalizaci\u00f3n Ambiental realiza una supervisi\u00f3n para rescatar la plataforma Jack Up de la empresa<\/p>\n","protected":false},"author":3,"featured_media":6212,"comment_status":"closed","ping_status":"closed","sticky":false,"template":"","format":"standard","meta":{"footnotes":""},"categories":[51,52],"tags":[369],"class_list":["post-7317","post","type-post","status-publish","format-standard","has-post-thumbnail","hentry","category-chile","category-noticias","tag-losvilos"],"rttpg_featured_image_url":{"full":["https:\/\/prodelcobre.cl\/nueva\/wp-content\/uploads\/2022\/08\/accidente.jpg",1078,607,false],"landscape":["https:\/\/prodelcobre.cl\/nueva\/wp-content\/uploads\/2022\/08\/accidente.jpg",1078,607,false],"portraits":["https:\/\/prodelcobre.cl\/nueva\/wp-content\/uploads\/2022\/08\/accidente.jpg",1078,607,false],"thumbnail":["https:\/\/prodelcobre.cl\/nueva\/wp-content\/uploads\/2022\/08\/accidente-150x150.jpg",150,150,true],"medium":["https:\/\/prodelcobre.cl\/nueva\/wp-content\/uploads\/2022\/08\/accidente.jpg",1078,607,false],"large":["https:\/\/prodelcobre.cl\/nueva\/wp-content\/uploads\/2022\/08\/accidente.jpg",1078,607,false],"1536x1536":["https:\/\/prodelcobre.cl\/nueva\/wp-content\/uploads\/2022\/08\/accidente.jpg",1078,607,false],"2048x2048":["https:\/\/prodelcobre.cl\/nueva\/wp-content\/uploads\/2022\/08\/accidente.jpg",1078,607,false],"morenews-featured":["https:\/\/prodelcobre.cl\/nueva\/wp-content\/uploads\/2022\/08\/accidente.jpg",1024,577,false],"morenews-large":["https:\/\/prodelcobre.cl\/nueva\/wp-content\/uploads\/2022\/08\/accidente.jpg",825,465,false],"morenews-medium":["https:\/\/prodelcobre.cl\/nueva\/wp-content\/uploads\/2022\/08\/accidente.jpg",590,332,false],"psacp-medium":["https:\/\/prodelcobre.cl\/nueva\/wp-content\/uploads\/2022\/08\/accidente.jpg",500,282,false]},"rttpg_author":{"display_name":"Francisco P\u00e9rez Alvi\u00e1rez","author_link":"https:\/\/prodelcobre.cl\/nueva\/author\/fperez\/"},"rttpg_comment":0,"rttpg_category":"<a href=\"https:\/\/prodelcobre.cl\/nueva\/category\/chile\/\" rel=\"category tag\">Chile<\/a> <a href=\"https:\/\/prodelcobre.cl\/nueva\/category\/noticias\/\" rel=\"category tag\">Noticias<\/a>","rttpg_excerpt":"La Red Nacional de Fiscalizaci\u00f3n Ambiental realiza una supervisi\u00f3n para rescatar la plataforma Jack Up de la empresa","_links":{"self":[{"href":"https:\/\/prodelcobre.cl\/nueva\/wp-json\/wp\/v2\/posts\/7317","targetHints":{"allow":["GET"]}}],"collection":[{"href":"https:\/\/prodelcobre.cl\/nueva\/wp-json\/wp\/v2\/posts"}],"about":[{"href":"https:\/\/prodelcobre.cl\/nueva\/wp-json\/wp\/v2\/types\/post"}],"author":[{"embeddable":true,"href":"https:\/\/prodelcobre.cl\/nueva\/wp-json\/wp\/v2\/users\/3"}],"replies":[{"embeddable":true,"href":"https:\/\/prodelcobre.cl\/nueva\/wp-json\/wp\/v2\/comments?post=7317"}],"version-history":[{"count":1,"href":"https:\/\/prodelcobre.cl\/nueva\/wp-json\/wp\/v2\/posts\/7317\/revisions"}],"predecessor-version":[{"id":7318,"href":"https:\/\/prodelcobre.cl\/nueva\/wp-json\/wp\/v2\/posts\/7317\/revisions\/7318"}],"wp:featuredmedia":[{"embeddable":true,"href":"https:\/\/prodelcobre.cl\/nueva\/wp-json\/wp\/v2\/media\/6212"}],"wp:attachment":[{"href":"https:\/\/prodelcobre.cl\/nueva\/wp-json\/wp\/v2\/media?parent=7317"}],"wp:term":[{"taxonomy":"category","embeddable":true,"href":"https:\/\/prodelcobre.cl\/nueva\/wp-json\/wp\/v2\/categories?post=7317"},{"taxonomy":"post_tag","embeddable":true,"href":"https:\/\/prodelcobre.cl\/nueva\/wp-json\/wp\/v2\/tags?post=7317"}],"curies":[{"name":"wp","href":"https:\/\/api.w.org\/{rel}","templated":true}]}}