{"id":7492,"date":"2023-02-13T16:51:24","date_gmt":"2023-02-13T19:51:24","guid":{"rendered":"https:\/\/prodelcobre.cl\/nueva\/?p=7492"},"modified":"2023-02-13T16:51:25","modified_gmt":"2023-02-13T19:51:25","slug":"presentan-el-primer-vehiculo-electrico-autonomo-para-mineria-100-chileno","status":"publish","type":"post","link":"https:\/\/prodelcobre.cl\/nueva\/presentan-el-primer-vehiculo-electrico-autonomo-para-mineria-100-chileno\/","title":{"rendered":"Presentan el primer veh\u00edculo el\u00e9ctrico aut\u00f3nomo para miner\u00eda 100% chileno"},"content":{"rendered":"\n<h2 class=\"wp-block-heading\">El&nbsp;MKI-SS&nbsp;fue dise\u00f1ado y fabricado por la empresa con base en la regi\u00f3n de O\u2019Higgins y que se especializa en servicios industriales, hidr\u00e1ulicos y de oleohidr\u00e1ulica.<\/h2>\n\n\n\n<p class=\"has-medium-font-size\">Service Steel present\u00f3 en&nbsp;<strong>Graneros<\/strong>&nbsp;el&nbsp;<strong>primer veh\u00edculo aut\u00f3nomo controlado v\u00eda remota y propulsado por energ\u00eda el\u00e9ctrica desarrollado en Chile<\/strong>, con una capacidad para m\u00e1s de 10 toneladas de carga y destinado a la gran miner\u00eda, seg\u00fan rese\u00f1a la Revista Electricidad<\/p>\n\n\n\n<p class=\"has-medium-font-size\">El veh\u00edculo&nbsp;<strong>es radiocontrolado desde un joystick y tiene dos opciones de carga, a trav\u00e9s de la red el\u00e9ctrica domiciliaria y mediante carga solar<\/strong>. Cuenta con dos bater\u00edas de ion litio de 5.000 watts cada una, que le proveen una autonom\u00eda de m\u00e1s de 8 horas.<\/p>\n\n\n\n<p class=\"has-medium-font-size\">As\u00ed, el MKI-SS permite al trabajador permanecer fuera de la l\u00ednea de peligro,&nbsp;<strong>disminuyendo as\u00ed el riesgo de accidentabilidad<\/strong>&nbsp;en faena.<\/p>\n","protected":false},"excerpt":{"rendered":"<p>El&nbsp;MKI-SS&nbsp;fue dise\u00f1ado y fabricado por la empresa con base en la regi\u00f3n de O\u2019Higgins y que se especializa<\/p>\n","protected":false},"author":3,"featured_media":7493,"comment_status":"closed","ping_status":"closed","sticky":false,"template":"","format":"standard","meta":{"footnotes":""},"categories":[51,52],"tags":[185,75],"class_list":["post-7492","post","type-post","status-publish","format-standard","has-post-thumbnail","hentry","category-chile","category-noticias","tag-electromovilidad","tag-mineria-3"],"rttpg_featured_image_url":{"full":["https:\/\/prodelcobre.cl\/nueva\/wp-content\/uploads\/2023\/02\/Vehiculo-Edit-4-768x432-1.jpg",768,432,false],"landscape":["https:\/\/prodelcobre.cl\/nueva\/wp-content\/uploads\/2023\/02\/Vehiculo-Edit-4-768x432-1.jpg",768,432,false],"portraits":["https:\/\/prodelcobre.cl\/nueva\/wp-content\/uploads\/2023\/02\/Vehiculo-Edit-4-768x432-1.jpg",768,432,false],"thumbnail":["https:\/\/prodelcobre.cl\/nueva\/wp-content\/uploads\/2023\/02\/Vehiculo-Edit-4-768x432-1-150x150.jpg",150,150,true],"medium":["https:\/\/prodelcobre.cl\/nueva\/wp-content\/uploads\/2023\/02\/Vehiculo-Edit-4-768x432-1.jpg",768,432,false],"large":["https:\/\/prodelcobre.cl\/nueva\/wp-content\/uploads\/2023\/02\/Vehiculo-Edit-4-768x432-1.jpg",768,432,false],"1536x1536":["https:\/\/prodelcobre.cl\/nueva\/wp-content\/uploads\/2023\/02\/Vehiculo-Edit-4-768x432-1.jpg",768,432,false],"2048x2048":["https:\/\/prodelcobre.cl\/nueva\/wp-content\/uploads\/2023\/02\/Vehiculo-Edit-4-768x432-1.jpg",768,432,false],"morenews-featured":["https:\/\/prodelcobre.cl\/nueva\/wp-content\/uploads\/2023\/02\/Vehiculo-Edit-4-768x432-1.jpg",768,432,false],"morenews-large":["https:\/\/prodelcobre.cl\/nueva\/wp-content\/uploads\/2023\/02\/Vehiculo-Edit-4-768x432-1.jpg",768,432,false],"morenews-medium":["https:\/\/prodelcobre.cl\/nueva\/wp-content\/uploads\/2023\/02\/Vehiculo-Edit-4-768x432-1.jpg",590,332,false],"psacp-medium":["https:\/\/prodelcobre.cl\/nueva\/wp-content\/uploads\/2023\/02\/Vehiculo-Edit-4-768x432-1.jpg",500,281,false]},"rttpg_author":{"display_name":"Francisco P\u00e9rez Alvi\u00e1rez","author_link":"https:\/\/prodelcobre.cl\/nueva\/author\/fperez\/"},"rttpg_comment":0,"rttpg_category":"<a href=\"https:\/\/prodelcobre.cl\/nueva\/category\/chile\/\" rel=\"category tag\">Chile<\/a> <a href=\"https:\/\/prodelcobre.cl\/nueva\/category\/noticias\/\" rel=\"category tag\">Noticias<\/a>","rttpg_excerpt":"El&nbsp;MKI-SS&nbsp;fue dise\u00f1ado y fabricado por la empresa con base en la regi\u00f3n de O\u2019Higgins y que se especializa","_links":{"self":[{"href":"https:\/\/prodelcobre.cl\/nueva\/wp-json\/wp\/v2\/posts\/7492","targetHints":{"allow":["GET"]}}],"collection":[{"href":"https:\/\/prodelcobre.cl\/nueva\/wp-json\/wp\/v2\/posts"}],"about":[{"href":"https:\/\/prodelcobre.cl\/nueva\/wp-json\/wp\/v2\/types\/post"}],"author":[{"embeddable":true,"href":"https:\/\/prodelcobre.cl\/nueva\/wp-json\/wp\/v2\/users\/3"}],"replies":[{"embeddable":true,"href":"https:\/\/prodelcobre.cl\/nueva\/wp-json\/wp\/v2\/comments?post=7492"}],"version-history":[{"count":1,"href":"https:\/\/prodelcobre.cl\/nueva\/wp-json\/wp\/v2\/posts\/7492\/revisions"}],"predecessor-version":[{"id":7494,"href":"https:\/\/prodelcobre.cl\/nueva\/wp-json\/wp\/v2\/posts\/7492\/revisions\/7494"}],"wp:featuredmedia":[{"embeddable":true,"href":"https:\/\/prodelcobre.cl\/nueva\/wp-json\/wp\/v2\/media\/7493"}],"wp:attachment":[{"href":"https:\/\/prodelcobre.cl\/nueva\/wp-json\/wp\/v2\/media?parent=7492"}],"wp:term":[{"taxonomy":"category","embeddable":true,"href":"https:\/\/prodelcobre.cl\/nueva\/wp-json\/wp\/v2\/categories?post=7492"},{"taxonomy":"post_tag","embeddable":true,"href":"https:\/\/prodelcobre.cl\/nueva\/wp-json\/wp\/v2\/tags?post=7492"}],"curies":[{"name":"wp","href":"https:\/\/api.w.org\/{rel}","templated":true}]}}