{"id":7495,"date":"2023-02-14T10:08:00","date_gmt":"2023-02-14T13:08:00","guid":{"rendered":"https:\/\/prodelcobre.cl\/nueva\/?p=7495"},"modified":"2023-02-14T10:08:02","modified_gmt":"2023-02-14T13:08:02","slug":"lider-democrata-de-ee-uu-insto-a-ratificar-tratado-fiscal-con-chile-para-tomar-ventaja-sobre-china","status":"publish","type":"post","link":"https:\/\/prodelcobre.cl\/nueva\/lider-democrata-de-ee-uu-insto-a-ratificar-tratado-fiscal-con-chile-para-tomar-ventaja-sobre-china\/","title":{"rendered":"L\u00edder dem\u00f3crata de EE.UU. inst\u00f3 a ratificar tratado fiscal con Chile para tomar ventaja sobre China"},"content":{"rendered":"\n<h2 class=\"wp-block-heading\">El pol\u00edtico estadounidense Chuck Schumer insisti\u00f3 en ratificar a la brevedad un tratado fiscal con Chile para beneficios del litio adelantando a China. <\/h2>\n\n\n\n<p class=\"has-medium-font-size\">En medio de la demanda internacional del litio, la competencia por este mineral entre Estados Unidos y China tiene bajo la lupa a Chile, donde el senador del partido Dem\u00f3crata, Chuck Schumer, llam\u00f3 a los miembros del parlamento a firmar a la brevedad un tratado fiscal con el gobierno chileno para impedir que China tome ventaja sobre el litio evitando la doble tributaci\u00f3n.<\/p>\n\n\n\n<p class=\"has-medium-font-size\">&#8220;No queremos que China obtenga este litio. Lo necesitamos&#8221; y &#8220;<strong>tenemos listo un tratado tributario que eliminar\u00eda este obst\u00e1culo&#8221; y &#8220;cuenta con el apoyo generalizado de todo el espectro pol\u00edtico<\/strong>&#8220;, a\u00f1adi\u00f3 el congresista.<\/p>\n\n\n\n<p class=\"has-medium-font-size\">El gobierno chino hab\u00eda suscrito en 2017 un tratado parar obtener ventajas impositivas sin que el gobierno norteamericano lograra lo mismo en el Congreso, hecho que solo est\u00e1 firmado por su contraparte chilena. <\/p>\n","protected":false},"excerpt":{"rendered":"<p>El pol\u00edtico estadounidense Chuck Schumer insisti\u00f3 en ratificar a la brevedad un tratado fiscal con Chile para beneficios<\/p>\n","protected":false},"author":3,"featured_media":7496,"comment_status":"closed","ping_status":"closed","sticky":false,"template":"","format":"standard","meta":{"footnotes":""},"categories":[51,52],"tags":[259,100],"class_list":["post-7495","post","type-post","status-publish","format-standard","has-post-thumbnail","hentry","category-chile","category-noticias","tag-chile","tag-litio"],"rttpg_featured_image_url":{"full":["https:\/\/prodelcobre.cl\/nueva\/wp-content\/uploads\/2023\/02\/schumer.jpg",940,666,false],"landscape":["https:\/\/prodelcobre.cl\/nueva\/wp-content\/uploads\/2023\/02\/schumer.jpg",940,666,false],"portraits":["https:\/\/prodelcobre.cl\/nueva\/wp-content\/uploads\/2023\/02\/schumer.jpg",940,666,false],"thumbnail":["https:\/\/prodelcobre.cl\/nueva\/wp-content\/uploads\/2023\/02\/schumer-150x150.jpg",150,150,true],"medium":["https:\/\/prodelcobre.cl\/nueva\/wp-content\/uploads\/2023\/02\/schumer.jpg",940,666,false],"large":["https:\/\/prodelcobre.cl\/nueva\/wp-content\/uploads\/2023\/02\/schumer.jpg",940,666,false],"1536x1536":["https:\/\/prodelcobre.cl\/nueva\/wp-content\/uploads\/2023\/02\/schumer.jpg",940,666,false],"2048x2048":["https:\/\/prodelcobre.cl\/nueva\/wp-content\/uploads\/2023\/02\/schumer.jpg",940,666,false],"morenews-featured":["https:\/\/prodelcobre.cl\/nueva\/wp-content\/uploads\/2023\/02\/schumer.jpg",940,666,false],"morenews-large":["https:\/\/prodelcobre.cl\/nueva\/wp-content\/uploads\/2023\/02\/schumer.jpg",812,575,false],"morenews-medium":["https:\/\/prodelcobre.cl\/nueva\/wp-content\/uploads\/2023\/02\/schumer.jpg",579,410,false],"psacp-medium":["https:\/\/prodelcobre.cl\/nueva\/wp-content\/uploads\/2023\/02\/schumer.jpg",500,354,false]},"rttpg_author":{"display_name":"Francisco P\u00e9rez Alvi\u00e1rez","author_link":"https:\/\/prodelcobre.cl\/nueva\/author\/fperez\/"},"rttpg_comment":0,"rttpg_category":"<a href=\"https:\/\/prodelcobre.cl\/nueva\/category\/chile\/\" rel=\"category tag\">Chile<\/a> <a href=\"https:\/\/prodelcobre.cl\/nueva\/category\/noticias\/\" rel=\"category tag\">Noticias<\/a>","rttpg_excerpt":"El pol\u00edtico estadounidense Chuck Schumer insisti\u00f3 en ratificar a la brevedad un tratado fiscal con Chile para beneficios","_links":{"self":[{"href":"https:\/\/prodelcobre.cl\/nueva\/wp-json\/wp\/v2\/posts\/7495","targetHints":{"allow":["GET"]}}],"collection":[{"href":"https:\/\/prodelcobre.cl\/nueva\/wp-json\/wp\/v2\/posts"}],"about":[{"href":"https:\/\/prodelcobre.cl\/nueva\/wp-json\/wp\/v2\/types\/post"}],"author":[{"embeddable":true,"href":"https:\/\/prodelcobre.cl\/nueva\/wp-json\/wp\/v2\/users\/3"}],"replies":[{"embeddable":true,"href":"https:\/\/prodelcobre.cl\/nueva\/wp-json\/wp\/v2\/comments?post=7495"}],"version-history":[{"count":1,"href":"https:\/\/prodelcobre.cl\/nueva\/wp-json\/wp\/v2\/posts\/7495\/revisions"}],"predecessor-version":[{"id":7497,"href":"https:\/\/prodelcobre.cl\/nueva\/wp-json\/wp\/v2\/posts\/7495\/revisions\/7497"}],"wp:featuredmedia":[{"embeddable":true,"href":"https:\/\/prodelcobre.cl\/nueva\/wp-json\/wp\/v2\/media\/7496"}],"wp:attachment":[{"href":"https:\/\/prodelcobre.cl\/nueva\/wp-json\/wp\/v2\/media?parent=7495"}],"wp:term":[{"taxonomy":"category","embeddable":true,"href":"https:\/\/prodelcobre.cl\/nueva\/wp-json\/wp\/v2\/categories?post=7495"},{"taxonomy":"post_tag","embeddable":true,"href":"https:\/\/prodelcobre.cl\/nueva\/wp-json\/wp\/v2\/tags?post=7495"}],"curies":[{"name":"wp","href":"https:\/\/api.w.org\/{rel}","templated":true}]}}