{"id":7498,"date":"2023-02-14T10:38:34","date_gmt":"2023-02-14T13:38:34","guid":{"rendered":"https:\/\/prodelcobre.cl\/nueva\/?p=7498"},"modified":"2023-02-14T10:38:35","modified_gmt":"2023-02-14T13:38:35","slug":"se-eleva-presion-al-sistema-electrico-por-suspension-de-operaciones-de-alto-maipo","status":"publish","type":"post","link":"https:\/\/prodelcobre.cl\/nueva\/se-eleva-presion-al-sistema-electrico-por-suspension-de-operaciones-de-alto-maipo\/","title":{"rendered":"Se eleva presi\u00f3n al sistema el\u00e9ctrico por suspensi\u00f3n de operaciones de Alto Maipo"},"content":{"rendered":"\n<h2 class=\"wp-block-heading\">Los trabajos de reparaci\u00f3n por desprendimientos y da\u00f1os se prolongar\u00e1n hasta octubre de 2023.<\/h2>\n\n\n\n<p class=\"has-medium-font-size\">AES Andes mantiene desde el mes de enero la suspensi\u00f3n de operaciones en el t\u00fanel de aducci\u00f3n de Central Las Lajas por desprendimientos y da\u00f1os, que se estimaba que ser\u00edan reparados para al menos el 30 de junio pr\u00f3ximo. <\/p>\n\n\n\n<p class=\"has-medium-font-size\">Seg\u00fan indic\u00f3 El Mercurio, la compa\u00f1\u00eda actualiz\u00f3 el estado de los da\u00f1os indicando que las reparaciones no llegar\u00edan a condiciones adecuadas para la reactivaci\u00f3n de operaciones hasta octubre de 2023. <\/p>\n\n\n\n<p class=\"has-medium-font-size\">Por su parte, el \u00faltimo informe de seguridad y abastecimiento del Coordinador El\u00e9ctrico, advirti\u00f3 respecto a la indisponibilidad del complejo Alto Maipo, considerando su importancia en la generaci\u00f3n el\u00e9ctrica de la zona central, y detallando que los plazos asociados a su vuelta a la operaci\u00f3n son fundamentales para determinar la necesidad de extender el decreto de racionamiento preventivo que expira en el mes de marzo.<\/p>\n","protected":false},"excerpt":{"rendered":"<p>Los trabajos de reparaci\u00f3n por desprendimientos y da\u00f1os se prolongar\u00e1n hasta octubre de 2023. AES Andes mantiene desde<\/p>\n","protected":false},"author":3,"featured_media":7269,"comment_status":"closed","ping_status":"closed","sticky":false,"template":"","format":"standard","meta":{"footnotes":""},"categories":[51,59,52],"tags":[237],"class_list":["post-7498","post","type-post","status-publish","format-standard","has-post-thumbnail","hentry","category-chile","category-energia","category-noticias","tag-energia-2"],"rttpg_featured_image_url":{"full":["https:\/\/prodelcobre.cl\/nueva\/wp-content\/uploads\/2023\/01\/energia-freepik.jpg",841,547,false],"landscape":["https:\/\/prodelcobre.cl\/nueva\/wp-content\/uploads\/2023\/01\/energia-freepik.jpg",841,547,false],"portraits":["https:\/\/prodelcobre.cl\/nueva\/wp-content\/uploads\/2023\/01\/energia-freepik.jpg",841,547,false],"thumbnail":["https:\/\/prodelcobre.cl\/nueva\/wp-content\/uploads\/2023\/01\/energia-freepik-150x150.jpg",150,150,true],"medium":["https:\/\/prodelcobre.cl\/nueva\/wp-content\/uploads\/2023\/01\/energia-freepik.jpg",841,547,false],"large":["https:\/\/prodelcobre.cl\/nueva\/wp-content\/uploads\/2023\/01\/energia-freepik.jpg",841,547,false],"1536x1536":["https:\/\/prodelcobre.cl\/nueva\/wp-content\/uploads\/2023\/01\/energia-freepik.jpg",841,547,false],"2048x2048":["https:\/\/prodelcobre.cl\/nueva\/wp-content\/uploads\/2023\/01\/energia-freepik.jpg",841,547,false],"morenews-featured":["https:\/\/prodelcobre.cl\/nueva\/wp-content\/uploads\/2023\/01\/energia-freepik.jpg",841,547,false],"morenews-large":["https:\/\/prodelcobre.cl\/nueva\/wp-content\/uploads\/2023\/01\/energia-freepik.jpg",825,537,false],"morenews-medium":["https:\/\/prodelcobre.cl\/nueva\/wp-content\/uploads\/2023\/01\/energia-freepik.jpg",590,384,false],"psacp-medium":["https:\/\/prodelcobre.cl\/nueva\/wp-content\/uploads\/2023\/01\/energia-freepik.jpg",500,325,false]},"rttpg_author":{"display_name":"Francisco P\u00e9rez Alvi\u00e1rez","author_link":"https:\/\/prodelcobre.cl\/nueva\/author\/fperez\/"},"rttpg_comment":0,"rttpg_category":"<a href=\"https:\/\/prodelcobre.cl\/nueva\/category\/chile\/\" rel=\"category tag\">Chile<\/a> <a href=\"https:\/\/prodelcobre.cl\/nueva\/category\/energia\/\" rel=\"category tag\">Energ\u00eda<\/a> <a href=\"https:\/\/prodelcobre.cl\/nueva\/category\/noticias\/\" rel=\"category tag\">Noticias<\/a>","rttpg_excerpt":"Los trabajos de reparaci\u00f3n por desprendimientos y da\u00f1os se prolongar\u00e1n hasta octubre de 2023. AES Andes mantiene desde","_links":{"self":[{"href":"https:\/\/prodelcobre.cl\/nueva\/wp-json\/wp\/v2\/posts\/7498","targetHints":{"allow":["GET"]}}],"collection":[{"href":"https:\/\/prodelcobre.cl\/nueva\/wp-json\/wp\/v2\/posts"}],"about":[{"href":"https:\/\/prodelcobre.cl\/nueva\/wp-json\/wp\/v2\/types\/post"}],"author":[{"embeddable":true,"href":"https:\/\/prodelcobre.cl\/nueva\/wp-json\/wp\/v2\/users\/3"}],"replies":[{"embeddable":true,"href":"https:\/\/prodelcobre.cl\/nueva\/wp-json\/wp\/v2\/comments?post=7498"}],"version-history":[{"count":1,"href":"https:\/\/prodelcobre.cl\/nueva\/wp-json\/wp\/v2\/posts\/7498\/revisions"}],"predecessor-version":[{"id":7499,"href":"https:\/\/prodelcobre.cl\/nueva\/wp-json\/wp\/v2\/posts\/7498\/revisions\/7499"}],"wp:featuredmedia":[{"embeddable":true,"href":"https:\/\/prodelcobre.cl\/nueva\/wp-json\/wp\/v2\/media\/7269"}],"wp:attachment":[{"href":"https:\/\/prodelcobre.cl\/nueva\/wp-json\/wp\/v2\/media?parent=7498"}],"wp:term":[{"taxonomy":"category","embeddable":true,"href":"https:\/\/prodelcobre.cl\/nueva\/wp-json\/wp\/v2\/categories?post=7498"},{"taxonomy":"post_tag","embeddable":true,"href":"https:\/\/prodelcobre.cl\/nueva\/wp-json\/wp\/v2\/tags?post=7498"}],"curies":[{"name":"wp","href":"https:\/\/api.w.org\/{rel}","templated":true}]}}