{"id":7500,"date":"2023-02-14T11:08:22","date_gmt":"2023-02-14T14:08:22","guid":{"rendered":"https:\/\/prodelcobre.cl\/nueva\/?p=7500"},"modified":"2023-02-14T11:08:24","modified_gmt":"2023-02-14T14:08:24","slug":"sma-abre-procedimiento-contra-mantos-cooper-por-afectacion-en-la-ruta-5-norte-de-antofagasta","status":"publish","type":"post","link":"https:\/\/prodelcobre.cl\/nueva\/sma-abre-procedimiento-contra-mantos-cooper-por-afectacion-en-la-ruta-5-norte-de-antofagasta\/","title":{"rendered":"SMA abre procedimiento contra Mantos Cooper por afectaci\u00f3n en la Ruta 5 Norte de Antofagasta"},"content":{"rendered":"\n<h2 class=\"wp-block-heading\">La Superintentencia de Medio Ambiente abri\u00f3 un proceso sancionatorio contra la minera luego de una revisi\u00f3n del riesgo grave hacia el medioambiente y la poblaci\u00f3n en las inmediaciones de la Ruta 5 Norte.<\/h2>\n\n\n\n<p class=\"has-medium-font-size\">Seg\u00fan indic\u00f3 la SMA son 12 Medidas Urgentes y Transitorias que deber\u00e1 implementar la minera Mantos Cooper para revertir los riesgos directos por la filtraci\u00f3n de dep\u00f3sitos de relaves que causar\u00edan da\u00f1os directos a la autopista circundante, a la ruta del Ferrocarril FCAB y las poblaciones aleda\u00f1as. <\/p>\n\n\n\n<p class=\"has-medium-font-size\">Entre las 12 medidas, la Superindentencia recalc\u00f3 la urgencia de implementar acciones inmediatas y permanentes para extraer las aguas que se encuentran en la superficie \u2014de forma permanente y diaria\u2014 efectuando un seguimiento semanal de las condiciones de humedad y entregar un informe que devele las causas de la detecci\u00f3n de agua, as\u00ed como determinar medidas para que no se genere un deslizamiento de material hacia la carretera, considerando la existencia de grietas, realizando acciones que minimicen el riesgo.<\/p>\n\n\n\n<p class=\"has-medium-font-size\">Por su parte, la Superintendenta del Medio Ambiente, Marie Claude Plumer, explica: \u201cLa empresa ya est\u00e1 notificada, por lo que deber\u00e1 comenzar la implementaci\u00f3n r\u00e1pida de las medidas. En enero pudimos comprobar nuevas zonas de acumulaci\u00f3n de agua en un sector llamado Cubeta N\u00b01, el cual no est\u00e1 autorizada para recibir relaves h\u00famedos, y tambi\u00e9n grietas en el talud de ese dep\u00f3sito. Las medidas que dicta la SMA tienen un fin preventivo, con el objeto de evitar un riesgo hacia el medioambiente y la salud de quienes transitan por esa zona de la Ruta 5 Norte\u201d.<\/p>\n\n\n\n<p class=\"has-medium-font-size\">En total, la empresa arriesga multas de hasta 22.000 Unidades Tributarias Anuales.<\/p>\n","protected":false},"excerpt":{"rendered":"<p>La Superintentencia de Medio Ambiente abri\u00f3 un proceso sancionatorio contra la minera luego de una revisi\u00f3n del riesgo<\/p>\n","protected":false},"author":3,"featured_media":7501,"comment_status":"closed","ping_status":"closed","sticky":false,"template":"","format":"standard","meta":{"footnotes":""},"categories":[51,52],"tags":[179,236],"class_list":["post-7500","post","type-post","status-publish","format-standard","has-post-thumbnail","hentry","category-chile","category-noticias","tag-antofagasta","tag-sma"],"rttpg_featured_image_url":{"full":["https:\/\/prodelcobre.cl\/nueva\/wp-content\/uploads\/2023\/02\/Ruta-5.jpg",555,360,false],"landscape":["https:\/\/prodelcobre.cl\/nueva\/wp-content\/uploads\/2023\/02\/Ruta-5.jpg",555,360,false],"portraits":["https:\/\/prodelcobre.cl\/nueva\/wp-content\/uploads\/2023\/02\/Ruta-5.jpg",555,360,false],"thumbnail":["https:\/\/prodelcobre.cl\/nueva\/wp-content\/uploads\/2023\/02\/Ruta-5-150x150.jpg",150,150,true],"medium":["https:\/\/prodelcobre.cl\/nueva\/wp-content\/uploads\/2023\/02\/Ruta-5.jpg",555,360,false],"large":["https:\/\/prodelcobre.cl\/nueva\/wp-content\/uploads\/2023\/02\/Ruta-5.jpg",555,360,false],"1536x1536":["https:\/\/prodelcobre.cl\/nueva\/wp-content\/uploads\/2023\/02\/Ruta-5.jpg",555,360,false],"2048x2048":["https:\/\/prodelcobre.cl\/nueva\/wp-content\/uploads\/2023\/02\/Ruta-5.jpg",555,360,false],"morenews-featured":["https:\/\/prodelcobre.cl\/nueva\/wp-content\/uploads\/2023\/02\/Ruta-5.jpg",555,360,false],"morenews-large":["https:\/\/prodelcobre.cl\/nueva\/wp-content\/uploads\/2023\/02\/Ruta-5.jpg",555,360,false],"morenews-medium":["https:\/\/prodelcobre.cl\/nueva\/wp-content\/uploads\/2023\/02\/Ruta-5.jpg",555,360,false],"psacp-medium":["https:\/\/prodelcobre.cl\/nueva\/wp-content\/uploads\/2023\/02\/Ruta-5.jpg",500,324,false]},"rttpg_author":{"display_name":"Francisco P\u00e9rez Alvi\u00e1rez","author_link":"https:\/\/prodelcobre.cl\/nueva\/author\/fperez\/"},"rttpg_comment":0,"rttpg_category":"<a href=\"https:\/\/prodelcobre.cl\/nueva\/category\/chile\/\" rel=\"category tag\">Chile<\/a> <a href=\"https:\/\/prodelcobre.cl\/nueva\/category\/noticias\/\" rel=\"category tag\">Noticias<\/a>","rttpg_excerpt":"La Superintentencia de Medio Ambiente abri\u00f3 un proceso sancionatorio contra la minera luego de una revisi\u00f3n del riesgo","_links":{"self":[{"href":"https:\/\/prodelcobre.cl\/nueva\/wp-json\/wp\/v2\/posts\/7500","targetHints":{"allow":["GET"]}}],"collection":[{"href":"https:\/\/prodelcobre.cl\/nueva\/wp-json\/wp\/v2\/posts"}],"about":[{"href":"https:\/\/prodelcobre.cl\/nueva\/wp-json\/wp\/v2\/types\/post"}],"author":[{"embeddable":true,"href":"https:\/\/prodelcobre.cl\/nueva\/wp-json\/wp\/v2\/users\/3"}],"replies":[{"embeddable":true,"href":"https:\/\/prodelcobre.cl\/nueva\/wp-json\/wp\/v2\/comments?post=7500"}],"version-history":[{"count":1,"href":"https:\/\/prodelcobre.cl\/nueva\/wp-json\/wp\/v2\/posts\/7500\/revisions"}],"predecessor-version":[{"id":7502,"href":"https:\/\/prodelcobre.cl\/nueva\/wp-json\/wp\/v2\/posts\/7500\/revisions\/7502"}],"wp:featuredmedia":[{"embeddable":true,"href":"https:\/\/prodelcobre.cl\/nueva\/wp-json\/wp\/v2\/media\/7501"}],"wp:attachment":[{"href":"https:\/\/prodelcobre.cl\/nueva\/wp-json\/wp\/v2\/media?parent=7500"}],"wp:term":[{"taxonomy":"category","embeddable":true,"href":"https:\/\/prodelcobre.cl\/nueva\/wp-json\/wp\/v2\/categories?post=7500"},{"taxonomy":"post_tag","embeddable":true,"href":"https:\/\/prodelcobre.cl\/nueva\/wp-json\/wp\/v2\/tags?post=7500"}],"curies":[{"name":"wp","href":"https:\/\/api.w.org\/{rel}","templated":true}]}}