{"id":8036,"date":"2023-04-26T16:26:45","date_gmt":"2023-04-26T19:26:45","guid":{"rendered":"https:\/\/prodelcobre.cl\/nueva\/?p=8036"},"modified":"2023-04-26T16:26:47","modified_gmt":"2023-04-26T19:26:47","slug":"codelco-y-sqm-iniciarian-en-mayo-conversaciones-en-torno-al-litio","status":"publish","type":"post","link":"https:\/\/prodelcobre.cl\/nueva\/codelco-y-sqm-iniciarian-en-mayo-conversaciones-en-torno-al-litio\/","title":{"rendered":"Codelco y SQM iniciar\u00edan en mayo conversaciones en torno al litio"},"content":{"rendered":"\n<h2 class=\"wp-block-heading\">Ambos buscar\u00e1n acuerdos en el modelo p\u00fablico-privado para asegurar beneficios para las partes, mayoritariamente para le estado.<\/h2>\n\n\n\n<p class=\"has-medium-font-size\">Este lunes el vicepresidente ejecutivo de Corfo, Jos\u00e9 Miguel Benavente, recibi\u00f3 al gerente general de SQM, Ricardo Ramos, donde conversaron sobre los alcances de la estrategia del litio para la explotaci\u00f3n de este mineral en el Salar de Atacama.<\/p>\n\n\n\n<p class=\"has-medium-font-size\">Seg\u00fan indic\u00f3 El Mercurio, <strong>SQM fue informada adem\u00e1s que Codelco se integrar\u00e1 a las actividades de explotaci\u00f3n del litio en el salar y ser\u00e1 quien lidere las negociaciones para futuras<\/strong>&nbsp;operaciones en las que el Estado buscar\u00e1 tener una mayor participaci\u00f3n.<\/p>\n\n\n\n<p class=\"has-medium-font-size\"><strong>Corfo es por ley la due\u00f1a de las pertenencias del Salar de Atacama, donde se concentran 9,6 millones de toneladas de reservas<\/strong>. En la actualidad SQM y Albemarle son las dos empresas que tienen contratos vigentes de arrendamiento y explotaci\u00f3n en el territorio.<\/p>\n","protected":false},"excerpt":{"rendered":"<p>Ambos buscar\u00e1n acuerdos en el modelo p\u00fablico-privado para asegurar beneficios para las partes, mayoritariamente para le estado. Este<\/p>\n","protected":false},"author":3,"featured_media":6030,"comment_status":"closed","ping_status":"closed","sticky":false,"template":"","format":"standard","meta":{"footnotes":""},"categories":[51,52],"tags":[101,100],"class_list":["post-8036","post","type-post","status-publish","format-standard","has-post-thumbnail","hentry","category-chile","category-noticias","tag-codelco","tag-litio"],"rttpg_featured_image_url":{"full":["https:\/\/prodelcobre.cl\/nueva\/wp-content\/uploads\/2022\/07\/Codelco.jpg",710,399,false],"landscape":["https:\/\/prodelcobre.cl\/nueva\/wp-content\/uploads\/2022\/07\/Codelco.jpg",710,399,false],"portraits":["https:\/\/prodelcobre.cl\/nueva\/wp-content\/uploads\/2022\/07\/Codelco.jpg",710,399,false],"thumbnail":["https:\/\/prodelcobre.cl\/nueva\/wp-content\/uploads\/2022\/07\/Codelco-150x150.jpg",150,150,true],"medium":["https:\/\/prodelcobre.cl\/nueva\/wp-content\/uploads\/2022\/07\/Codelco.jpg",710,399,false],"large":["https:\/\/prodelcobre.cl\/nueva\/wp-content\/uploads\/2022\/07\/Codelco.jpg",710,399,false],"1536x1536":["https:\/\/prodelcobre.cl\/nueva\/wp-content\/uploads\/2022\/07\/Codelco.jpg",710,399,false],"2048x2048":["https:\/\/prodelcobre.cl\/nueva\/wp-content\/uploads\/2022\/07\/Codelco.jpg",710,399,false],"morenews-featured":["https:\/\/prodelcobre.cl\/nueva\/wp-content\/uploads\/2022\/07\/Codelco.jpg",710,399,false],"morenews-large":["https:\/\/prodelcobre.cl\/nueva\/wp-content\/uploads\/2022\/07\/Codelco.jpg",710,399,false],"morenews-medium":["https:\/\/prodelcobre.cl\/nueva\/wp-content\/uploads\/2022\/07\/Codelco.jpg",590,332,false],"psacp-medium":["https:\/\/prodelcobre.cl\/nueva\/wp-content\/uploads\/2022\/07\/Codelco.jpg",500,281,false]},"rttpg_author":{"display_name":"Francisco P\u00e9rez Alvi\u00e1rez","author_link":"https:\/\/prodelcobre.cl\/nueva\/author\/fperez\/"},"rttpg_comment":0,"rttpg_category":"<a href=\"https:\/\/prodelcobre.cl\/nueva\/category\/chile\/\" rel=\"category tag\">Chile<\/a> <a href=\"https:\/\/prodelcobre.cl\/nueva\/category\/noticias\/\" rel=\"category tag\">Noticias<\/a>","rttpg_excerpt":"Ambos buscar\u00e1n acuerdos en el modelo p\u00fablico-privado para asegurar beneficios para las partes, mayoritariamente para le estado. Este","_links":{"self":[{"href":"https:\/\/prodelcobre.cl\/nueva\/wp-json\/wp\/v2\/posts\/8036","targetHints":{"allow":["GET"]}}],"collection":[{"href":"https:\/\/prodelcobre.cl\/nueva\/wp-json\/wp\/v2\/posts"}],"about":[{"href":"https:\/\/prodelcobre.cl\/nueva\/wp-json\/wp\/v2\/types\/post"}],"author":[{"embeddable":true,"href":"https:\/\/prodelcobre.cl\/nueva\/wp-json\/wp\/v2\/users\/3"}],"replies":[{"embeddable":true,"href":"https:\/\/prodelcobre.cl\/nueva\/wp-json\/wp\/v2\/comments?post=8036"}],"version-history":[{"count":1,"href":"https:\/\/prodelcobre.cl\/nueva\/wp-json\/wp\/v2\/posts\/8036\/revisions"}],"predecessor-version":[{"id":8037,"href":"https:\/\/prodelcobre.cl\/nueva\/wp-json\/wp\/v2\/posts\/8036\/revisions\/8037"}],"wp:featuredmedia":[{"embeddable":true,"href":"https:\/\/prodelcobre.cl\/nueva\/wp-json\/wp\/v2\/media\/6030"}],"wp:attachment":[{"href":"https:\/\/prodelcobre.cl\/nueva\/wp-json\/wp\/v2\/media?parent=8036"}],"wp:term":[{"taxonomy":"category","embeddable":true,"href":"https:\/\/prodelcobre.cl\/nueva\/wp-json\/wp\/v2\/categories?post=8036"},{"taxonomy":"post_tag","embeddable":true,"href":"https:\/\/prodelcobre.cl\/nueva\/wp-json\/wp\/v2\/tags?post=8036"}],"curies":[{"name":"wp","href":"https:\/\/api.w.org\/{rel}","templated":true}]}}