{"id":8040,"date":"2023-04-26T16:45:31","date_gmt":"2023-04-26T19:45:31","guid":{"rendered":"https:\/\/prodelcobre.cl\/nueva\/?p=8040"},"modified":"2023-04-26T16:45:32","modified_gmt":"2023-04-26T19:45:32","slug":"royalty-minero-logro-consenso-con-carga-tributaria-maxima-de-47","status":"publish","type":"post","link":"https:\/\/prodelcobre.cl\/nueva\/royalty-minero-logro-consenso-con-carga-tributaria-maxima-de-47\/","title":{"rendered":"Royalty minero logr\u00f3 consenso con carga tributaria m\u00e1xima de 47%"},"content":{"rendered":"\n<h2 class=\"wp-block-heading\">Por unanimidad tanto el Gobierno como la Comisi\u00f3n de Hacienda del Senado lograron el acuerdo de carga tributaria m\u00e1xima de 47% para grandes mineras.<\/h2>\n\n\n\n<p class=\"has-medium-font-size\">El acuerdo incluy\u00f3 modificaciones realizadas por el Ministerio de Hacienda<strong>, dejando adem\u00e1s de la carga tributaria m\u00e1xima para grandes mineras de un 47%, un acuerdo que royalty que no gravar\u00e1 al litio.<\/strong><\/p>\n\n\n\n<p class=\"has-medium-font-size\">Se espera que la discusi\u00f3n legislativa contin\u00fae despu\u00e9s de las elecciones constitucionales programadas para el 7 de mayo.&nbsp;Seg\u00fan explica el texto, se definir\u00e1 como motivo de gravamen a aquella&nbsp;<strong>&#8220;sustancia mineral concesible ya extra\u00edda (&#8230;). Y como sabemos, la Constituci\u00f3n define como no concesible el litio<\/strong>&#8220;.&nbsp;<\/p>\n","protected":false},"excerpt":{"rendered":"<p>Por unanimidad tanto el Gobierno como la Comisi\u00f3n de Hacienda del Senado lograron el acuerdo de carga tributaria<\/p>\n","protected":false},"author":3,"featured_media":4466,"comment_status":"closed","ping_status":"closed","sticky":false,"template":"","format":"standard","meta":{"footnotes":""},"categories":[51,52],"tags":[241],"class_list":["post-8040","post","type-post","status-publish","format-standard","has-post-thumbnail","hentry","category-chile","category-noticias","tag-royaltyminero"],"rttpg_featured_image_url":{"full":["https:\/\/prodelcobre.cl\/nueva\/wp-content\/uploads\/2021\/10\/ROYALTY-SUBE.jpg",1280,853,false],"landscape":["https:\/\/prodelcobre.cl\/nueva\/wp-content\/uploads\/2021\/10\/ROYALTY-SUBE.jpg",1280,853,false],"portraits":["https:\/\/prodelcobre.cl\/nueva\/wp-content\/uploads\/2021\/10\/ROYALTY-SUBE.jpg",1280,853,false],"thumbnail":["https:\/\/prodelcobre.cl\/nueva\/wp-content\/uploads\/2021\/10\/ROYALTY-SUBE-150x150.jpg",150,150,true],"medium":["https:\/\/prodelcobre.cl\/nueva\/wp-content\/uploads\/2021\/10\/ROYALTY-SUBE.jpg",1280,853,false],"large":["https:\/\/prodelcobre.cl\/nueva\/wp-content\/uploads\/2021\/10\/ROYALTY-SUBE.jpg",1280,853,false],"1536x1536":["https:\/\/prodelcobre.cl\/nueva\/wp-content\/uploads\/2021\/10\/ROYALTY-SUBE.jpg",1280,853,false],"2048x2048":["https:\/\/prodelcobre.cl\/nueva\/wp-content\/uploads\/2021\/10\/ROYALTY-SUBE.jpg",1280,853,false],"morenews-featured":["https:\/\/prodelcobre.cl\/nueva\/wp-content\/uploads\/2021\/10\/ROYALTY-SUBE.jpg",1024,682,false],"morenews-large":["https:\/\/prodelcobre.cl\/nueva\/wp-content\/uploads\/2021\/10\/ROYALTY-SUBE.jpg",825,550,false],"morenews-medium":["https:\/\/prodelcobre.cl\/nueva\/wp-content\/uploads\/2021\/10\/ROYALTY-SUBE.jpg",590,393,false],"psacp-medium":["https:\/\/prodelcobre.cl\/nueva\/wp-content\/uploads\/2021\/10\/ROYALTY-SUBE.jpg",500,333,false]},"rttpg_author":{"display_name":"Francisco P\u00e9rez Alvi\u00e1rez","author_link":"https:\/\/prodelcobre.cl\/nueva\/author\/fperez\/"},"rttpg_comment":0,"rttpg_category":"<a href=\"https:\/\/prodelcobre.cl\/nueva\/category\/chile\/\" rel=\"category tag\">Chile<\/a> <a href=\"https:\/\/prodelcobre.cl\/nueva\/category\/noticias\/\" rel=\"category tag\">Noticias<\/a>","rttpg_excerpt":"Por unanimidad tanto el Gobierno como la Comisi\u00f3n de Hacienda del Senado lograron el acuerdo de carga tributaria","_links":{"self":[{"href":"https:\/\/prodelcobre.cl\/nueva\/wp-json\/wp\/v2\/posts\/8040","targetHints":{"allow":["GET"]}}],"collection":[{"href":"https:\/\/prodelcobre.cl\/nueva\/wp-json\/wp\/v2\/posts"}],"about":[{"href":"https:\/\/prodelcobre.cl\/nueva\/wp-json\/wp\/v2\/types\/post"}],"author":[{"embeddable":true,"href":"https:\/\/prodelcobre.cl\/nueva\/wp-json\/wp\/v2\/users\/3"}],"replies":[{"embeddable":true,"href":"https:\/\/prodelcobre.cl\/nueva\/wp-json\/wp\/v2\/comments?post=8040"}],"version-history":[{"count":1,"href":"https:\/\/prodelcobre.cl\/nueva\/wp-json\/wp\/v2\/posts\/8040\/revisions"}],"predecessor-version":[{"id":8041,"href":"https:\/\/prodelcobre.cl\/nueva\/wp-json\/wp\/v2\/posts\/8040\/revisions\/8041"}],"wp:featuredmedia":[{"embeddable":true,"href":"https:\/\/prodelcobre.cl\/nueva\/wp-json\/wp\/v2\/media\/4466"}],"wp:attachment":[{"href":"https:\/\/prodelcobre.cl\/nueva\/wp-json\/wp\/v2\/media?parent=8040"}],"wp:term":[{"taxonomy":"category","embeddable":true,"href":"https:\/\/prodelcobre.cl\/nueva\/wp-json\/wp\/v2\/categories?post=8040"},{"taxonomy":"post_tag","embeddable":true,"href":"https:\/\/prodelcobre.cl\/nueva\/wp-json\/wp\/v2\/tags?post=8040"}],"curies":[{"name":"wp","href":"https:\/\/api.w.org\/{rel}","templated":true}]}}