{"id":8078,"date":"2023-05-04T11:12:38","date_gmt":"2023-05-04T14:12:38","guid":{"rendered":"https:\/\/prodelcobre.cl\/nueva\/?p=8078"},"modified":"2023-05-04T11:12:40","modified_gmt":"2023-05-04T14:12:40","slug":"gobierno-prepara-su-politica-de-hidrogeno-verde-para-presentarla-en-las-proximas-semanas","status":"publish","type":"post","link":"https:\/\/prodelcobre.cl\/nueva\/gobierno-prepara-su-politica-de-hidrogeno-verde-para-presentarla-en-las-proximas-semanas\/","title":{"rendered":"Gobierno prepara su pol\u00edtica de hidr\u00f3geno verde para presentarla en las pr\u00f3ximas semanas"},"content":{"rendered":"\n<h2 class=\"wp-block-heading\">Los ministros de Hacienda y Energ\u00eda est\u00e1n trabajando de manera mancomunada para abordar esta estrategia junto a Corfo. <\/h2>\n\n\n\n<p class=\"has-medium-font-size\">El&nbsp;ministro de Hacienda, Mario Marcel, anunci\u00f3 que&nbsp;<strong>dentro de las pr\u00f3ximas semanas el Gobierno dar\u00e1 a conocer su pol\u00edtica nacional del hidr\u00f3geno verde<\/strong>, sugiriendo que el significado de este resultado ser\u00eda en t\u00e9rminos, similar a los de la Pol\u00edtica Nacional del Litio, aunque su protagonismo ser\u00eda distinto. <\/p>\n\n\n\n<p class=\"has-medium-font-size\">Marcel tambi\u00e9n indic\u00f3 que se encuentran trabajando junto al Ministerio de Energ\u00eda y Corfo, para abordar la estrategia desde el fomento productivo para generar energ\u00edas limpias. El secretario de Estado hizo \u00e9nfasis en que esperan generar una pol\u00edtica donde los inversionistas tengan seguridad para avanzar y hacer sus inversiones. <\/p>\n","protected":false},"excerpt":{"rendered":"<p>Los ministros de Hacienda y Energ\u00eda est\u00e1n trabajando de manera mancomunada para abordar esta estrategia junto a Corfo.<\/p>\n","protected":false},"author":3,"featured_media":5689,"comment_status":"closed","ping_status":"closed","sticky":false,"template":"","format":"standard","meta":{"footnotes":""},"categories":[51,59,52],"tags":[237,111],"class_list":["post-8078","post","type-post","status-publish","format-standard","has-post-thumbnail","hentry","category-chile","category-energia","category-noticias","tag-energia-2","tag-h2v"],"rttpg_featured_image_url":{"full":["https:\/\/prodelcobre.cl\/nueva\/wp-content\/uploads\/2022\/06\/hidrogeno-verde.jpg",1248,770,false],"landscape":["https:\/\/prodelcobre.cl\/nueva\/wp-content\/uploads\/2022\/06\/hidrogeno-verde.jpg",1248,770,false],"portraits":["https:\/\/prodelcobre.cl\/nueva\/wp-content\/uploads\/2022\/06\/hidrogeno-verde.jpg",1248,770,false],"thumbnail":["https:\/\/prodelcobre.cl\/nueva\/wp-content\/uploads\/2022\/06\/hidrogeno-verde-150x150.jpg",150,150,true],"medium":["https:\/\/prodelcobre.cl\/nueva\/wp-content\/uploads\/2022\/06\/hidrogeno-verde.jpg",1248,770,false],"large":["https:\/\/prodelcobre.cl\/nueva\/wp-content\/uploads\/2022\/06\/hidrogeno-verde.jpg",1248,770,false],"1536x1536":["https:\/\/prodelcobre.cl\/nueva\/wp-content\/uploads\/2022\/06\/hidrogeno-verde.jpg",1248,770,false],"2048x2048":["https:\/\/prodelcobre.cl\/nueva\/wp-content\/uploads\/2022\/06\/hidrogeno-verde.jpg",1248,770,false],"morenews-featured":["https:\/\/prodelcobre.cl\/nueva\/wp-content\/uploads\/2022\/06\/hidrogeno-verde.jpg",1024,632,false],"morenews-large":["https:\/\/prodelcobre.cl\/nueva\/wp-content\/uploads\/2022\/06\/hidrogeno-verde.jpg",825,509,false],"morenews-medium":["https:\/\/prodelcobre.cl\/nueva\/wp-content\/uploads\/2022\/06\/hidrogeno-verde.jpg",590,364,false],"psacp-medium":["https:\/\/prodelcobre.cl\/nueva\/wp-content\/uploads\/2022\/06\/hidrogeno-verde.jpg",500,308,false]},"rttpg_author":{"display_name":"Francisco P\u00e9rez Alvi\u00e1rez","author_link":"https:\/\/prodelcobre.cl\/nueva\/author\/fperez\/"},"rttpg_comment":0,"rttpg_category":"<a href=\"https:\/\/prodelcobre.cl\/nueva\/category\/chile\/\" rel=\"category tag\">Chile<\/a> <a href=\"https:\/\/prodelcobre.cl\/nueva\/category\/energia\/\" rel=\"category tag\">Energ\u00eda<\/a> <a href=\"https:\/\/prodelcobre.cl\/nueva\/category\/noticias\/\" rel=\"category tag\">Noticias<\/a>","rttpg_excerpt":"Los ministros de Hacienda y Energ\u00eda est\u00e1n trabajando de manera mancomunada para abordar esta estrategia junto a Corfo.","_links":{"self":[{"href":"https:\/\/prodelcobre.cl\/nueva\/wp-json\/wp\/v2\/posts\/8078","targetHints":{"allow":["GET"]}}],"collection":[{"href":"https:\/\/prodelcobre.cl\/nueva\/wp-json\/wp\/v2\/posts"}],"about":[{"href":"https:\/\/prodelcobre.cl\/nueva\/wp-json\/wp\/v2\/types\/post"}],"author":[{"embeddable":true,"href":"https:\/\/prodelcobre.cl\/nueva\/wp-json\/wp\/v2\/users\/3"}],"replies":[{"embeddable":true,"href":"https:\/\/prodelcobre.cl\/nueva\/wp-json\/wp\/v2\/comments?post=8078"}],"version-history":[{"count":1,"href":"https:\/\/prodelcobre.cl\/nueva\/wp-json\/wp\/v2\/posts\/8078\/revisions"}],"predecessor-version":[{"id":8079,"href":"https:\/\/prodelcobre.cl\/nueva\/wp-json\/wp\/v2\/posts\/8078\/revisions\/8079"}],"wp:featuredmedia":[{"embeddable":true,"href":"https:\/\/prodelcobre.cl\/nueva\/wp-json\/wp\/v2\/media\/5689"}],"wp:attachment":[{"href":"https:\/\/prodelcobre.cl\/nueva\/wp-json\/wp\/v2\/media?parent=8078"}],"wp:term":[{"taxonomy":"category","embeddable":true,"href":"https:\/\/prodelcobre.cl\/nueva\/wp-json\/wp\/v2\/categories?post=8078"},{"taxonomy":"post_tag","embeddable":true,"href":"https:\/\/prodelcobre.cl\/nueva\/wp-json\/wp\/v2\/tags?post=8078"}],"curies":[{"name":"wp","href":"https:\/\/api.w.org\/{rel}","templated":true}]}}