{"id":8080,"date":"2023-05-04T12:16:47","date_gmt":"2023-05-04T15:16:47","guid":{"rendered":"https:\/\/prodelcobre.cl\/nueva\/?p=8080"},"modified":"2023-05-04T12:16:49","modified_gmt":"2023-05-04T15:16:49","slug":"cochilco-inicio-proceso-de-renovacion-de-su-consejo-de-la-sociedad-civil","status":"publish","type":"post","link":"https:\/\/prodelcobre.cl\/nueva\/cochilco-inicio-proceso-de-renovacion-de-su-consejo-de-la-sociedad-civil\/","title":{"rendered":"Cochilco inici\u00f3 proceso de renovaci\u00f3n de su Consejo de la Sociedad Civil"},"content":{"rendered":"\n<h2 class=\"wp-block-heading\">La Comisi\u00f3n Chilena del Cobre inici\u00f3 el proceso de este Consejo para el periodo 2023-2025 lo cual incluir\u00e1 diversos gremios mineros y organizaciones de inter\u00e9s para el rubro. <\/h2>\n\n\n\n<p class=\"has-medium-font-size\">El Consejo de la Sociedad Civil para el periodo 2023-2025 de Cochilco inici\u00f3 su proceso de renovaci\u00f3n, donde los representantes tienen un car\u00e1cter consultivo, y est\u00e1 conformado de manera diversa, representativa y pluralista por asociaciones sin fines de lucro que tengan inter\u00e9s por el desarrollo de la miner\u00eda. La funci\u00f3n del Consejo es contribuir, con ideas y opiniones constructivas, en el dise\u00f1o, implementaci\u00f3n y evaluaci\u00f3n de las pol\u00edticas p\u00fablicas del \u00e1rea, buscando potenciar el desarrollo sustentable de la miner\u00eda como actividad estrat\u00e9gica para el pa\u00eds.<\/p>\n\n\n\n<p class=\"has-medium-font-size\">Seg\u00fan rese\u00f1a Cochilco en su p\u00e1gina web,<strong> el Consejo est\u00e1 conformado por:<\/strong><\/p>\n\n\n\n<ul class=\"has-medium-font-size wp-block-list\"><li>a) Cinco representantes de gremios mineros<\/li><li>b) Dos representantes de organizaciones de inter\u00e9s p\u00fablico relacionadas con la miner\u00eda.<\/li><li>c) Tres representantes de organizaciones de trabajadores mineros.<\/li><li>d) Dos representantes de universidades que impartan carreras vinculadas a la miner\u00eda.<\/li><li>e) Un representante de centros de formaci\u00f3n t\u00e9cnica que imparta carreras vinculadas a la miner\u00eda.<\/li><li>g) Un representante de Organizaci\u00f3n de Inter\u00e9s P\u00fablico, liderada por mujeres y relacionada con la miner\u00eda.<\/li><li>h) Un representante de Pueblo Originario o cuyos ancestros tengan territorialidad en una regi\u00f3n minera.<\/li><\/ul>\n\n\n\n<p class=\"has-medium-font-size\">Para participar en este proceso, los interesados deben inscribir a su organizaci\u00f3n en el formulario dispuesto para ello que est\u00e1 en el siguiente&nbsp;<a href=\"https:\/\/forms.gle\/7ro2Fr6BJ6TW2ujw6\" target=\"_blank\" rel=\"noopener\" title=\"\">link<\/a>&nbsp;y enviar en formato pdf o jpg los siguientes documentos al mail cochilco@cochilco.cl:<\/p>\n\n\n\n<ul class=\"has-medium-font-size wp-block-list\"><li>a) Certificado de vigencia de la organizaci\u00f3n<\/li><li>b) Estatutos de la asociaci\u00f3n sin fines de lucro.<\/li><li>c) Documento que acredite la fecha de creaci\u00f3n de la organizaci\u00f3n<\/li><\/ul>\n\n\n\n<p class=\"has-medium-font-size\">Posteriormente, se elaborar\u00e1 un listado de organizaciones habilitadas para participar en el proceso eleccionario, el que se publicar\u00e1 en la web en un plazo m\u00e1ximo de dos d\u00edas h\u00e1biles.<\/p>\n\n\n\n<h4 class=\"has-medium-font-size wp-block-heading\">Calendario<\/h4>\n\n\n\n<p class=\"has-medium-font-size\"><strong>Inscripci\u00f3n de organizaciones:&nbsp;<\/strong><\/p>\n\n\n\n<ul class=\"has-medium-font-size wp-block-list\"><li><strong>03 al 16 de mayo de 2023:<\/strong>&nbsp;Las organizaciones sin fines de lucro ingresan datos en formulario de inscripci\u00f3n y env\u00edan los documentos requeridos (certificado de vigencia de personalidad jur\u00eddica, estatutos de la asociaci\u00f3n sin fines de lucro y documento que acredite la fecha de creaci\u00f3n de la organizaci\u00f3n) al mail cochilco@cochilco.cl<\/li><li><strong>17 al 18 de mayo de 2023:<\/strong>&nbsp;Publicaci\u00f3n en el sitio web del listado final de organizaciones acreditadas para presentar candidatos y candidatas.<\/li><li><strong>19 al 23 de mayo de 2023<\/strong>: Inscripci\u00f3n de candidatos si la organizaci\u00f3n est\u00e1 validada.<\/li><li><strong>24 de mayo de 2023<\/strong>: Publicaci\u00f3n en el sitio web del listado final de candidatos.<\/li><li><strong>25 al 26 de mayo de 2023<\/strong>: Votaci\u00f3n electr\u00f3nica.<\/li><li><strong>29 de mayo de 2023<\/strong>: Publicaci\u00f3n de resultados en sitio web.\u200b<\/li><\/ul>\n","protected":false},"excerpt":{"rendered":"<p>La Comisi\u00f3n Chilena del Cobre inici\u00f3 el proceso de este Consejo para el periodo 2023-2025 lo cual incluir\u00e1<\/p>\n","protected":false},"author":3,"featured_media":6182,"comment_status":"closed","ping_status":"closed","sticky":false,"template":"","format":"standard","meta":{"footnotes":""},"categories":[51,52],"tags":[131],"class_list":["post-8080","post","type-post","status-publish","format-standard","has-post-thumbnail","hentry","category-chile","category-noticias","tag-cochilco"],"rttpg_featured_image_url":{"full":["https:\/\/prodelcobre.cl\/nueva\/wp-content\/uploads\/2022\/08\/Minero-Freepik.jpg",525,350,false],"landscape":["https:\/\/prodelcobre.cl\/nueva\/wp-content\/uploads\/2022\/08\/Minero-Freepik.jpg",525,350,false],"portraits":["https:\/\/prodelcobre.cl\/nueva\/wp-content\/uploads\/2022\/08\/Minero-Freepik.jpg",525,350,false],"thumbnail":["https:\/\/prodelcobre.cl\/nueva\/wp-content\/uploads\/2022\/08\/Minero-Freepik-150x150.jpg",150,150,true],"medium":["https:\/\/prodelcobre.cl\/nueva\/wp-content\/uploads\/2022\/08\/Minero-Freepik.jpg",525,350,false],"large":["https:\/\/prodelcobre.cl\/nueva\/wp-content\/uploads\/2022\/08\/Minero-Freepik.jpg",525,350,false],"1536x1536":["https:\/\/prodelcobre.cl\/nueva\/wp-content\/uploads\/2022\/08\/Minero-Freepik.jpg",525,350,false],"2048x2048":["https:\/\/prodelcobre.cl\/nueva\/wp-content\/uploads\/2022\/08\/Minero-Freepik.jpg",525,350,false],"morenews-featured":["https:\/\/prodelcobre.cl\/nueva\/wp-content\/uploads\/2022\/08\/Minero-Freepik.jpg",525,350,false],"morenews-large":["https:\/\/prodelcobre.cl\/nueva\/wp-content\/uploads\/2022\/08\/Minero-Freepik.jpg",525,350,false],"morenews-medium":["https:\/\/prodelcobre.cl\/nueva\/wp-content\/uploads\/2022\/08\/Minero-Freepik.jpg",525,350,false],"psacp-medium":["https:\/\/prodelcobre.cl\/nueva\/wp-content\/uploads\/2022\/08\/Minero-Freepik.jpg",500,333,false]},"rttpg_author":{"display_name":"Francisco P\u00e9rez Alvi\u00e1rez","author_link":"https:\/\/prodelcobre.cl\/nueva\/author\/fperez\/"},"rttpg_comment":0,"rttpg_category":"<a href=\"https:\/\/prodelcobre.cl\/nueva\/category\/chile\/\" rel=\"category tag\">Chile<\/a> <a href=\"https:\/\/prodelcobre.cl\/nueva\/category\/noticias\/\" rel=\"category tag\">Noticias<\/a>","rttpg_excerpt":"La Comisi\u00f3n Chilena del Cobre inici\u00f3 el proceso de este Consejo para el periodo 2023-2025 lo cual incluir\u00e1","_links":{"self":[{"href":"https:\/\/prodelcobre.cl\/nueva\/wp-json\/wp\/v2\/posts\/8080","targetHints":{"allow":["GET"]}}],"collection":[{"href":"https:\/\/prodelcobre.cl\/nueva\/wp-json\/wp\/v2\/posts"}],"about":[{"href":"https:\/\/prodelcobre.cl\/nueva\/wp-json\/wp\/v2\/types\/post"}],"author":[{"embeddable":true,"href":"https:\/\/prodelcobre.cl\/nueva\/wp-json\/wp\/v2\/users\/3"}],"replies":[{"embeddable":true,"href":"https:\/\/prodelcobre.cl\/nueva\/wp-json\/wp\/v2\/comments?post=8080"}],"version-history":[{"count":1,"href":"https:\/\/prodelcobre.cl\/nueva\/wp-json\/wp\/v2\/posts\/8080\/revisions"}],"predecessor-version":[{"id":8081,"href":"https:\/\/prodelcobre.cl\/nueva\/wp-json\/wp\/v2\/posts\/8080\/revisions\/8081"}],"wp:featuredmedia":[{"embeddable":true,"href":"https:\/\/prodelcobre.cl\/nueva\/wp-json\/wp\/v2\/media\/6182"}],"wp:attachment":[{"href":"https:\/\/prodelcobre.cl\/nueva\/wp-json\/wp\/v2\/media?parent=8080"}],"wp:term":[{"taxonomy":"category","embeddable":true,"href":"https:\/\/prodelcobre.cl\/nueva\/wp-json\/wp\/v2\/categories?post=8080"},{"taxonomy":"post_tag","embeddable":true,"href":"https:\/\/prodelcobre.cl\/nueva\/wp-json\/wp\/v2\/tags?post=8080"}],"curies":[{"name":"wp","href":"https:\/\/api.w.org\/{rel}","templated":true}]}}