{"id":8170,"date":"2023-05-10T12:18:04","date_gmt":"2023-05-10T15:18:04","guid":{"rendered":"https:\/\/prodelcobre.cl\/nueva\/?p=8170"},"modified":"2023-05-10T12:18:05","modified_gmt":"2023-05-10T15:18:05","slug":"empleos-en-mineria-crecieron-19-en-el-trimestre-enero-marzo-2023","status":"publish","type":"post","link":"https:\/\/prodelcobre.cl\/nueva\/empleos-en-mineria-crecieron-19-en-el-trimestre-enero-marzo-2023\/","title":{"rendered":"Empleos en miner\u00eda crecieron 1,9% en el trimestre enero-marzo 2023"},"content":{"rendered":"\n<h2 class=\"wp-block-heading\">El empleo en el sector minero registr\u00f3 5.000 empleos m\u00e1s que en el trimestre anterior dando un total de 273.000 trabajadores. <\/h2>\n\n\n\n<p class=\"has-medium-font-size\">Seg\u00fan un estudio de la Sociedad Nacional de Miner\u00eda, en el trimestre m\u00f3vil enero-marzo de 2023 el empleo en este sector alcanz\u00f3 a 273.000 trabajadores, es decir, 5.000 empleos m\u00e1s que el registro anterior, correspondiente a diciembre 2022-febrero 2023.<\/p>\n\n\n\n<p class=\"has-medium-font-size\">Al analizar los datos en los \u00faltimos doce meses, se observa que la ocupaci\u00f3n en el sector minero creci\u00f3 5,4%, pues en el trimestre enero-marzo de 2022 alcanzaba a 259.000 personas, en tanto que en la \u00faltima medici\u00f3n correspondiente al trimestre enero-marzo de 2023, como se se\u00f1al\u00f3, llega a 273.000 trabajadores, esto es un aumento de 14.000 puestos de trabajo. Adicionalmente, el crecimiento de la ocupaci\u00f3n en el pa\u00eds, en el mismo periodo, se elev\u00f3 2,4%, cre\u00e1ndose 209 mil nuevos empleos.<\/p>\n\n\n\n<p class=\"has-medium-font-size\">Por otra parte, el empleo en las regiones mineras creci\u00f3 6,5%, en doce meses, esto es, un aumento de 64 mil puestos de trabajo, de los cuales 6.200 fueron generados por la miner\u00eda. No obstante, la variaci\u00f3n del empleo minero en las regiones del norte del pa\u00eds fue dispar, pues en Tarapac\u00e1 disminuy\u00f3 1%, en Antofagasta aument\u00f3 0,6%, en Atacama se contrajo 0,5% y en Coquimbo se elev\u00f3 17%.<\/p>\n","protected":false},"excerpt":{"rendered":"<p>El empleo en el sector minero registr\u00f3 5.000 empleos m\u00e1s que en el trimestre anterior dando un total<\/p>\n","protected":false},"author":3,"featured_media":6182,"comment_status":"closed","ping_status":"closed","sticky":false,"template":"","format":"standard","meta":{"footnotes":""},"categories":[51,52],"tags":[89],"class_list":["post-8170","post","type-post","status-publish","format-standard","has-post-thumbnail","hentry","category-chile","category-noticias","tag-mineria-4"],"rttpg_featured_image_url":{"full":["https:\/\/prodelcobre.cl\/nueva\/wp-content\/uploads\/2022\/08\/Minero-Freepik.jpg",525,350,false],"landscape":["https:\/\/prodelcobre.cl\/nueva\/wp-content\/uploads\/2022\/08\/Minero-Freepik.jpg",525,350,false],"portraits":["https:\/\/prodelcobre.cl\/nueva\/wp-content\/uploads\/2022\/08\/Minero-Freepik.jpg",525,350,false],"thumbnail":["https:\/\/prodelcobre.cl\/nueva\/wp-content\/uploads\/2022\/08\/Minero-Freepik-150x150.jpg",150,150,true],"medium":["https:\/\/prodelcobre.cl\/nueva\/wp-content\/uploads\/2022\/08\/Minero-Freepik.jpg",525,350,false],"large":["https:\/\/prodelcobre.cl\/nueva\/wp-content\/uploads\/2022\/08\/Minero-Freepik.jpg",525,350,false],"1536x1536":["https:\/\/prodelcobre.cl\/nueva\/wp-content\/uploads\/2022\/08\/Minero-Freepik.jpg",525,350,false],"2048x2048":["https:\/\/prodelcobre.cl\/nueva\/wp-content\/uploads\/2022\/08\/Minero-Freepik.jpg",525,350,false],"morenews-featured":["https:\/\/prodelcobre.cl\/nueva\/wp-content\/uploads\/2022\/08\/Minero-Freepik.jpg",525,350,false],"morenews-large":["https:\/\/prodelcobre.cl\/nueva\/wp-content\/uploads\/2022\/08\/Minero-Freepik.jpg",525,350,false],"morenews-medium":["https:\/\/prodelcobre.cl\/nueva\/wp-content\/uploads\/2022\/08\/Minero-Freepik.jpg",525,350,false],"psacp-medium":["https:\/\/prodelcobre.cl\/nueva\/wp-content\/uploads\/2022\/08\/Minero-Freepik.jpg",500,333,false]},"rttpg_author":{"display_name":"Francisco P\u00e9rez Alvi\u00e1rez","author_link":"https:\/\/prodelcobre.cl\/nueva\/author\/fperez\/"},"rttpg_comment":0,"rttpg_category":"<a href=\"https:\/\/prodelcobre.cl\/nueva\/category\/chile\/\" rel=\"category tag\">Chile<\/a> <a href=\"https:\/\/prodelcobre.cl\/nueva\/category\/noticias\/\" rel=\"category tag\">Noticias<\/a>","rttpg_excerpt":"El empleo en el sector minero registr\u00f3 5.000 empleos m\u00e1s que en el trimestre anterior dando un total","_links":{"self":[{"href":"https:\/\/prodelcobre.cl\/nueva\/wp-json\/wp\/v2\/posts\/8170","targetHints":{"allow":["GET"]}}],"collection":[{"href":"https:\/\/prodelcobre.cl\/nueva\/wp-json\/wp\/v2\/posts"}],"about":[{"href":"https:\/\/prodelcobre.cl\/nueva\/wp-json\/wp\/v2\/types\/post"}],"author":[{"embeddable":true,"href":"https:\/\/prodelcobre.cl\/nueva\/wp-json\/wp\/v2\/users\/3"}],"replies":[{"embeddable":true,"href":"https:\/\/prodelcobre.cl\/nueva\/wp-json\/wp\/v2\/comments?post=8170"}],"version-history":[{"count":1,"href":"https:\/\/prodelcobre.cl\/nueva\/wp-json\/wp\/v2\/posts\/8170\/revisions"}],"predecessor-version":[{"id":8171,"href":"https:\/\/prodelcobre.cl\/nueva\/wp-json\/wp\/v2\/posts\/8170\/revisions\/8171"}],"wp:featuredmedia":[{"embeddable":true,"href":"https:\/\/prodelcobre.cl\/nueva\/wp-json\/wp\/v2\/media\/6182"}],"wp:attachment":[{"href":"https:\/\/prodelcobre.cl\/nueva\/wp-json\/wp\/v2\/media?parent=8170"}],"wp:term":[{"taxonomy":"category","embeddable":true,"href":"https:\/\/prodelcobre.cl\/nueva\/wp-json\/wp\/v2\/categories?post=8170"},{"taxonomy":"post_tag","embeddable":true,"href":"https:\/\/prodelcobre.cl\/nueva\/wp-json\/wp\/v2\/tags?post=8170"}],"curies":[{"name":"wp","href":"https:\/\/api.w.org\/{rel}","templated":true}]}}