{"id":8420,"date":"2023-06-16T11:41:08","date_gmt":"2023-06-16T14:41:08","guid":{"rendered":"https:\/\/prodelcobre.cl\/nueva\/?p=8420"},"modified":"2023-06-16T11:41:09","modified_gmt":"2023-06-16T14:41:09","slug":"programa-graduados-de-codelco-finalizara-su-convocatoria-el-18-de-junio","status":"publish","type":"post","link":"https:\/\/prodelcobre.cl\/nueva\/programa-graduados-de-codelco-finalizara-su-convocatoria-el-18-de-junio\/","title":{"rendered":"Programa &#8220;Graduados&#8221; de Codelco finalizar\u00e1 su convocatoria el 18 de junio"},"content":{"rendered":"\n<h2 class=\"wp-block-heading\">La iniciativa de Codelco ofrece un contrato a plazo fijo por un a\u00f1o, con posibilidad de contrato indefinido.<\/h2>\n\n\n\n<p class=\"has-medium-font-size\">Este 18 de junio finalizar\u00e1 la convocatoria al programa &#8220;Graduados&#8221; de Codelco, una iniciativa para j\u00f3venes profesionales que quieren hacer su carrera en la miner\u00eda chilena. <\/p>\n\n\n\n<p class=\"has-medium-font-size\">Seg\u00fan la estatal, los participantes<strong> deben estar dispuestos a trabajar en faenas mineras para adquirir una experiencia directa en la operaci\u00f3n y proyectos<\/strong>. Adem\u00e1s, se busca desarrollar competencias que son urgentemente necesarias para aumentar la productividad, fomentar la innovaci\u00f3n y convertirse en una empresa l\u00edder en protecci\u00f3n ambiental.<\/p>\n\n\n\n<p class=\"has-medium-font-size\">El&nbsp;<strong>plazo para las inscripciones finaliza el domingo 18 de junio<\/strong>, por lo que los interesados deben asegurarse de postular a tiempo.<\/p>\n\n\n\n<h4 class=\"has-medium-font-size wp-block-heading\">Requisitos para postular<\/h4>\n\n\n\n<ul class=\"has-medium-font-size wp-block-list\"><li>Profesional titulado o egresado (sin ramos pendientes al momento de la postulaci\u00f3n) en \u00e1reas como Geolog\u00eda, Ingenier\u00eda Civil, Biotecnolog\u00eda, Metalurgia, Mecatr\u00f3nica, Qu\u00edmica, entre otras relacionadas.<\/li><li>Experiencia laboral m\u00e1xima de un a\u00f1o relacionada con los estudios.<\/li><li>Rendimiento acad\u00e9mico con una nota igual o superior a 5.0 o su equivalente.<\/li><li>Participaci\u00f3n en al menos dos actividades extraprogram\u00e1ticas complementarias a la formaci\u00f3n acad\u00e9mica, demostrables mediante voluntariados, ayudant\u00edas, participaci\u00f3n en centros de alumnos, deportes de competici\u00f3n, intercambios, entre otros.<\/li><li>Disponibilidad para trasladarse y trabajar en faenas mineras.<\/li><li>Salud compatible con el trabajo en faenas, seg\u00fan lo requerido.<\/li><\/ul>\n\n\n\n<h4 class=\"has-medium-font-size wp-block-heading\">Aspectos deseables<\/h4>\n\n\n\n<ul class=\"has-medium-font-size wp-block-list\"><li>Experiencia y\/o formaci\u00f3n en \u00e1reas como automatizaci\u00f3n de procesos, anal\u00edtica avanzada y manejo de datos.<\/li><\/ul>\n\n\n\n<h4 class=\"has-medium-font-size wp-block-heading\">Condiciones ofrecidas&nbsp;<\/h4>\n\n\n\n<p class=\"has-medium-font-size\">El&nbsp;<strong>programa Graduados ofrece un contrato a plazo fijo por un a\u00f1o<\/strong>, con posibilidad de contrato indefinido seg\u00fan la evaluaci\u00f3n de desempe\u00f1o al finalizar el programa. La jornada de trabajo var\u00eda dependiendo del centro de trabajo de destino, pudiendo ser de lunes a viernes o de lunes a jueves. La fecha de ingreso est\u00e1 programada para el 1 de noviembre de 2023.<\/p>\n\n\n\n<p class=\"has-medium-font-size\"><strong>Para postular los interesados deben ingresar en <a href=\"https:\/\/empleos.codelco.cl\/job\/Estacion-Colina-Programa-Graduadosas-Reg_-8320000\/1028949700\/\" target=\"_blank\" rel=\"noreferrer noopener\">AQU\u00cd<\/a><\/strong><\/p>\n","protected":false},"excerpt":{"rendered":"<p>La iniciativa de Codelco ofrece un contrato a plazo fijo por un a\u00f1o, con posibilidad de contrato indefinido.<\/p>\n","protected":false},"author":3,"featured_media":8063,"comment_status":"closed","ping_status":"closed","sticky":false,"template":"","format":"standard","meta":{"footnotes":""},"categories":[51,52],"tags":[101],"class_list":["post-8420","post","type-post","status-publish","format-standard","has-post-thumbnail","hentry","category-chile","category-noticias","tag-codelco"],"rttpg_featured_image_url":{"full":["https:\/\/prodelcobre.cl\/nueva\/wp-content\/uploads\/2023\/04\/codelco-1.jpg",1069,624,false],"landscape":["https:\/\/prodelcobre.cl\/nueva\/wp-content\/uploads\/2023\/04\/codelco-1.jpg",1069,624,false],"portraits":["https:\/\/prodelcobre.cl\/nueva\/wp-content\/uploads\/2023\/04\/codelco-1.jpg",1069,624,false],"thumbnail":["https:\/\/prodelcobre.cl\/nueva\/wp-content\/uploads\/2023\/04\/codelco-1-150x150.jpg",150,150,true],"medium":["https:\/\/prodelcobre.cl\/nueva\/wp-content\/uploads\/2023\/04\/codelco-1.jpg",1069,624,false],"large":["https:\/\/prodelcobre.cl\/nueva\/wp-content\/uploads\/2023\/04\/codelco-1.jpg",1069,624,false],"1536x1536":["https:\/\/prodelcobre.cl\/nueva\/wp-content\/uploads\/2023\/04\/codelco-1.jpg",1069,624,false],"2048x2048":["https:\/\/prodelcobre.cl\/nueva\/wp-content\/uploads\/2023\/04\/codelco-1.jpg",1069,624,false],"morenews-featured":["https:\/\/prodelcobre.cl\/nueva\/wp-content\/uploads\/2023\/04\/codelco-1.jpg",1024,598,false],"morenews-large":["https:\/\/prodelcobre.cl\/nueva\/wp-content\/uploads\/2023\/04\/codelco-1.jpg",825,482,false],"morenews-medium":["https:\/\/prodelcobre.cl\/nueva\/wp-content\/uploads\/2023\/04\/codelco-1.jpg",590,344,false],"psacp-medium":["https:\/\/prodelcobre.cl\/nueva\/wp-content\/uploads\/2023\/04\/codelco-1.jpg",500,292,false]},"rttpg_author":{"display_name":"Francisco P\u00e9rez Alvi\u00e1rez","author_link":"https:\/\/prodelcobre.cl\/nueva\/author\/fperez\/"},"rttpg_comment":0,"rttpg_category":"<a href=\"https:\/\/prodelcobre.cl\/nueva\/category\/chile\/\" rel=\"category tag\">Chile<\/a> <a href=\"https:\/\/prodelcobre.cl\/nueva\/category\/noticias\/\" rel=\"category tag\">Noticias<\/a>","rttpg_excerpt":"La iniciativa de Codelco ofrece un contrato a plazo fijo por un a\u00f1o, con posibilidad de contrato indefinido.","_links":{"self":[{"href":"https:\/\/prodelcobre.cl\/nueva\/wp-json\/wp\/v2\/posts\/8420","targetHints":{"allow":["GET"]}}],"collection":[{"href":"https:\/\/prodelcobre.cl\/nueva\/wp-json\/wp\/v2\/posts"}],"about":[{"href":"https:\/\/prodelcobre.cl\/nueva\/wp-json\/wp\/v2\/types\/post"}],"author":[{"embeddable":true,"href":"https:\/\/prodelcobre.cl\/nueva\/wp-json\/wp\/v2\/users\/3"}],"replies":[{"embeddable":true,"href":"https:\/\/prodelcobre.cl\/nueva\/wp-json\/wp\/v2\/comments?post=8420"}],"version-history":[{"count":1,"href":"https:\/\/prodelcobre.cl\/nueva\/wp-json\/wp\/v2\/posts\/8420\/revisions"}],"predecessor-version":[{"id":8421,"href":"https:\/\/prodelcobre.cl\/nueva\/wp-json\/wp\/v2\/posts\/8420\/revisions\/8421"}],"wp:featuredmedia":[{"embeddable":true,"href":"https:\/\/prodelcobre.cl\/nueva\/wp-json\/wp\/v2\/media\/8063"}],"wp:attachment":[{"href":"https:\/\/prodelcobre.cl\/nueva\/wp-json\/wp\/v2\/media?parent=8420"}],"wp:term":[{"taxonomy":"category","embeddable":true,"href":"https:\/\/prodelcobre.cl\/nueva\/wp-json\/wp\/v2\/categories?post=8420"},{"taxonomy":"post_tag","embeddable":true,"href":"https:\/\/prodelcobre.cl\/nueva\/wp-json\/wp\/v2\/tags?post=8420"}],"curies":[{"name":"wp","href":"https:\/\/api.w.org\/{rel}","templated":true}]}}