{"id":8500,"date":"2023-06-30T10:27:47","date_gmt":"2023-06-30T13:27:47","guid":{"rendered":"https:\/\/prodelcobre.cl\/nueva\/?p=8500"},"modified":"2023-06-30T10:27:48","modified_gmt":"2023-06-30T13:27:48","slug":"codelco-anuncio-accidente-fatal-en-proyecto-andes-norte-de-division-el-teniente","status":"publish","type":"post","link":"https:\/\/prodelcobre.cl\/nueva\/codelco-anuncio-accidente-fatal-en-proyecto-andes-norte-de-division-el-teniente\/","title":{"rendered":"Codelco anunci\u00f3 accidente fatal en Proyecto Andes Norte de Divisi\u00f3n El Teniente"},"content":{"rendered":"\n<h2 class=\"wp-block-heading\">La estatal indic\u00f3 que el fallecido era t\u00e9cnico el\u00e9ctrico de la empresa Z\u00fcblin y que a\u00fan investigan las causas del accidente.<\/h2>\n\n\n\n<p class=\"has-medium-font-size\">Codelco indic\u00f3 que a las 15:00 hs de este jueves se registr\u00f3 un accidente por descarga de energ\u00eda donde falleci\u00f3 un trabajador de la Vicepresidencia de Proyectos de El Teniente: &#8220;on profundo pesar, Codelco informa el fallecimiento en la tarde de hoy de nuestro compa\u00f1ero de labores Osvaldo Bustamante Fr\u00edas (QEPD), 29 a\u00f1os, t\u00e9cnico el\u00e9ctrico de la empresa Z\u00fcblin, quien laboraba en el Proyecto Andes Norte de Divisi\u00f3n El Teniente, de la Vicepresidencia de Proyectos&#8221;.<\/p>\n\n\n\n<p class=\"has-medium-font-size\">Luego del accidente el trabajador fue trasladado inmediatamente a la Posta Sewell donde se le efectuaron maniobras de reanimaci\u00f3n, las cuales resultaron infructuosas.<\/p>\n\n\n\n<p class=\"has-medium-font-size\">Las autoridades suspendieron las actividades en el \u00e1rea donde ocurri\u00f3 el accidente e iniciaron las respectivas investigaciones para determinar las causas de este hecho. <\/p>\n\n\n\n<p class=\"has-medium-font-size\">De inmediato se suspendieron las actividades en el \u00e1rea y se iniciaron los procedimientos de rigor, avisando a las autoridades competentes y activando la investigaci\u00f3n que permita determinar las causas de este lamentable hecho.<\/p>\n","protected":false},"excerpt":{"rendered":"<p>La estatal indic\u00f3 que el fallecido era t\u00e9cnico el\u00e9ctrico de la empresa Z\u00fcblin y que a\u00fan investigan las<\/p>\n","protected":false},"author":3,"featured_media":4704,"comment_status":"closed","ping_status":"closed","sticky":false,"template":"","format":"standard","meta":{"footnotes":""},"categories":[51,52],"tags":[385,101],"class_list":["post-8500","post","type-post","status-publish","format-standard","has-post-thumbnail","hentry","category-chile","category-noticias","tag-accidente","tag-codelco"],"rttpg_featured_image_url":{"full":["https:\/\/prodelcobre.cl\/nueva\/wp-content\/uploads\/2022\/02\/el-teniente-automine-1479695496-rszww880-90.jpg",880,587,false],"landscape":["https:\/\/prodelcobre.cl\/nueva\/wp-content\/uploads\/2022\/02\/el-teniente-automine-1479695496-rszww880-90.jpg",880,587,false],"portraits":["https:\/\/prodelcobre.cl\/nueva\/wp-content\/uploads\/2022\/02\/el-teniente-automine-1479695496-rszww880-90.jpg",880,587,false],"thumbnail":["https:\/\/prodelcobre.cl\/nueva\/wp-content\/uploads\/2022\/02\/el-teniente-automine-1479695496-rszww880-90-150x150.jpg",150,150,true],"medium":["https:\/\/prodelcobre.cl\/nueva\/wp-content\/uploads\/2022\/02\/el-teniente-automine-1479695496-rszww880-90.jpg",880,587,false],"large":["https:\/\/prodelcobre.cl\/nueva\/wp-content\/uploads\/2022\/02\/el-teniente-automine-1479695496-rszww880-90.jpg",880,587,false],"1536x1536":["https:\/\/prodelcobre.cl\/nueva\/wp-content\/uploads\/2022\/02\/el-teniente-automine-1479695496-rszww880-90.jpg",880,587,false],"2048x2048":["https:\/\/prodelcobre.cl\/nueva\/wp-content\/uploads\/2022\/02\/el-teniente-automine-1479695496-rszww880-90.jpg",880,587,false],"morenews-featured":["https:\/\/prodelcobre.cl\/nueva\/wp-content\/uploads\/2022\/02\/el-teniente-automine-1479695496-rszww880-90.jpg",880,587,false],"morenews-large":["https:\/\/prodelcobre.cl\/nueva\/wp-content\/uploads\/2022\/02\/el-teniente-automine-1479695496-rszww880-90.jpg",825,550,false],"morenews-medium":["https:\/\/prodelcobre.cl\/nueva\/wp-content\/uploads\/2022\/02\/el-teniente-automine-1479695496-rszww880-90.jpg",590,394,false],"psacp-medium":["https:\/\/prodelcobre.cl\/nueva\/wp-content\/uploads\/2022\/02\/el-teniente-automine-1479695496-rszww880-90.jpg",500,334,false]},"rttpg_author":{"display_name":"Francisco P\u00e9rez Alvi\u00e1rez","author_link":"https:\/\/prodelcobre.cl\/nueva\/author\/fperez\/"},"rttpg_comment":0,"rttpg_category":"<a href=\"https:\/\/prodelcobre.cl\/nueva\/category\/chile\/\" rel=\"category tag\">Chile<\/a> <a href=\"https:\/\/prodelcobre.cl\/nueva\/category\/noticias\/\" rel=\"category tag\">Noticias<\/a>","rttpg_excerpt":"La estatal indic\u00f3 que el fallecido era t\u00e9cnico el\u00e9ctrico de la empresa Z\u00fcblin y que a\u00fan investigan las","_links":{"self":[{"href":"https:\/\/prodelcobre.cl\/nueva\/wp-json\/wp\/v2\/posts\/8500","targetHints":{"allow":["GET"]}}],"collection":[{"href":"https:\/\/prodelcobre.cl\/nueva\/wp-json\/wp\/v2\/posts"}],"about":[{"href":"https:\/\/prodelcobre.cl\/nueva\/wp-json\/wp\/v2\/types\/post"}],"author":[{"embeddable":true,"href":"https:\/\/prodelcobre.cl\/nueva\/wp-json\/wp\/v2\/users\/3"}],"replies":[{"embeddable":true,"href":"https:\/\/prodelcobre.cl\/nueva\/wp-json\/wp\/v2\/comments?post=8500"}],"version-history":[{"count":1,"href":"https:\/\/prodelcobre.cl\/nueva\/wp-json\/wp\/v2\/posts\/8500\/revisions"}],"predecessor-version":[{"id":8501,"href":"https:\/\/prodelcobre.cl\/nueva\/wp-json\/wp\/v2\/posts\/8500\/revisions\/8501"}],"wp:featuredmedia":[{"embeddable":true,"href":"https:\/\/prodelcobre.cl\/nueva\/wp-json\/wp\/v2\/media\/4704"}],"wp:attachment":[{"href":"https:\/\/prodelcobre.cl\/nueva\/wp-json\/wp\/v2\/media?parent=8500"}],"wp:term":[{"taxonomy":"category","embeddable":true,"href":"https:\/\/prodelcobre.cl\/nueva\/wp-json\/wp\/v2\/categories?post=8500"},{"taxonomy":"post_tag","embeddable":true,"href":"https:\/\/prodelcobre.cl\/nueva\/wp-json\/wp\/v2\/tags?post=8500"}],"curies":[{"name":"wp","href":"https:\/\/api.w.org\/{rel}","templated":true}]}}