{"id":8708,"date":"2023-07-28T11:13:13","date_gmt":"2023-07-28T14:13:13","guid":{"rendered":"https:\/\/prodelcobre.cl\/nueva\/?p=8708"},"modified":"2023-07-28T11:13:14","modified_gmt":"2023-07-28T14:13:14","slug":"emprende-tu-mente-antofagasta-reunio-actores-de-la-mineria-para-examinar-desafios-de-la-industria","status":"publish","type":"post","link":"https:\/\/prodelcobre.cl\/nueva\/emprende-tu-mente-antofagasta-reunio-actores-de-la-mineria-para-examinar-desafios-de-la-industria\/","title":{"rendered":"Emprende tu Mente Antofagasta reuni\u00f3 actores de la miner\u00eda para examinar desaf\u00edos de la industria"},"content":{"rendered":"\n<h2 class=\"wp-block-heading\">El panel estuvo integrado por cinco profesionales que abordaron diversos temas para avanzar en el desarrollo de una miner\u00eda responsable.<\/h2>\n\n\n\n<p class=\"has-medium-font-size\">Emprendedores, industrias y dem\u00e1s actores de la miner\u00eda se dieron cita en la edici\u00f3n de &#8220;Emprende Tu Mente&#8221; con un panel titulado &#8220;Sustentabilidad en torno a la miner\u00eda&#8221;, evento encabezado por la gerente de Operaciones de Ciptemin, Aurora Williams; la gerente de Comunicaciones del Consejo Minero, Christel Lindhorst; el gerente de Transferencia Tecnol\u00f3gica de AMTC, Rodrigo Cort\u00e9s; el gerente de Desaf\u00edos de Innovaci\u00f3n de Fundaci\u00f3n Chile, Patricio Balmaceda y el gerente de Comunidades de SQM, Pablo Pisani, en un espacio que fue moderado por el presidente de Aprimin, Philippe Hemmerdinger.<\/p>\n\n\n\n<p class=\"has-medium-font-size\">En el evento que cont\u00f3 con una nutrida asistencia, se destac\u00f3 el avance del sector, en l\u00ednea de hacer frente al cambio clim\u00e1tico como una prioridad de desarrollo sostenible de la industria.<\/p>\n\n\n\n<p class=\"has-medium-font-size\">Durante el conversatorio se destac\u00f3 la importancia que tiene la miner\u00eda para la actividad econ\u00f3mica de la regi\u00f3n y el pa\u00eds, que representa m\u00e1s del 10 % del PIB nacional, as\u00ed como el di\u00e1logo hacia el desarrollo de proveedores y emprendedores.<\/p>\n","protected":false},"excerpt":{"rendered":"<p>El panel estuvo integrado por cinco profesionales que abordaron diversos temas para avanzar en el desarrollo de una<\/p>\n","protected":false},"author":3,"featured_media":3922,"comment_status":"closed","ping_status":"closed","sticky":false,"template":"","format":"standard","meta":{"footnotes":""},"categories":[51,52],"tags":[89],"class_list":["post-8708","post","type-post","status-publish","format-standard","has-post-thumbnail","hentry","category-chile","category-noticias","tag-mineria-4"],"rttpg_featured_image_url":{"full":["https:\/\/prodelcobre.cl\/nueva\/wp-content\/uploads\/2021\/02\/MINERIA-4840.jpg",800,500,false],"landscape":["https:\/\/prodelcobre.cl\/nueva\/wp-content\/uploads\/2021\/02\/MINERIA-4840.jpg",800,500,false],"portraits":["https:\/\/prodelcobre.cl\/nueva\/wp-content\/uploads\/2021\/02\/MINERIA-4840.jpg",800,500,false],"thumbnail":["https:\/\/prodelcobre.cl\/nueva\/wp-content\/uploads\/2021\/02\/MINERIA-4840-150x150.jpg",150,150,true],"medium":["https:\/\/prodelcobre.cl\/nueva\/wp-content\/uploads\/2021\/02\/MINERIA-4840.jpg",800,500,false],"large":["https:\/\/prodelcobre.cl\/nueva\/wp-content\/uploads\/2021\/02\/MINERIA-4840.jpg",800,500,false],"1536x1536":["https:\/\/prodelcobre.cl\/nueva\/wp-content\/uploads\/2021\/02\/MINERIA-4840.jpg",800,500,false],"2048x2048":["https:\/\/prodelcobre.cl\/nueva\/wp-content\/uploads\/2021\/02\/MINERIA-4840.jpg",800,500,false],"morenews-featured":["https:\/\/prodelcobre.cl\/nueva\/wp-content\/uploads\/2021\/02\/MINERIA-4840.jpg",800,500,false],"morenews-large":["https:\/\/prodelcobre.cl\/nueva\/wp-content\/uploads\/2021\/02\/MINERIA-4840.jpg",800,500,false],"morenews-medium":["https:\/\/prodelcobre.cl\/nueva\/wp-content\/uploads\/2021\/02\/MINERIA-4840.jpg",590,369,false],"psacp-medium":["https:\/\/prodelcobre.cl\/nueva\/wp-content\/uploads\/2021\/02\/MINERIA-4840.jpg",500,313,false]},"rttpg_author":{"display_name":"Francisco P\u00e9rez Alvi\u00e1rez","author_link":"https:\/\/prodelcobre.cl\/nueva\/author\/fperez\/"},"rttpg_comment":0,"rttpg_category":"<a href=\"https:\/\/prodelcobre.cl\/nueva\/category\/chile\/\" rel=\"category tag\">Chile<\/a> <a href=\"https:\/\/prodelcobre.cl\/nueva\/category\/noticias\/\" rel=\"category tag\">Noticias<\/a>","rttpg_excerpt":"El panel estuvo integrado por cinco profesionales que abordaron diversos temas para avanzar en el desarrollo de una","_links":{"self":[{"href":"https:\/\/prodelcobre.cl\/nueva\/wp-json\/wp\/v2\/posts\/8708","targetHints":{"allow":["GET"]}}],"collection":[{"href":"https:\/\/prodelcobre.cl\/nueva\/wp-json\/wp\/v2\/posts"}],"about":[{"href":"https:\/\/prodelcobre.cl\/nueva\/wp-json\/wp\/v2\/types\/post"}],"author":[{"embeddable":true,"href":"https:\/\/prodelcobre.cl\/nueva\/wp-json\/wp\/v2\/users\/3"}],"replies":[{"embeddable":true,"href":"https:\/\/prodelcobre.cl\/nueva\/wp-json\/wp\/v2\/comments?post=8708"}],"version-history":[{"count":1,"href":"https:\/\/prodelcobre.cl\/nueva\/wp-json\/wp\/v2\/posts\/8708\/revisions"}],"predecessor-version":[{"id":8709,"href":"https:\/\/prodelcobre.cl\/nueva\/wp-json\/wp\/v2\/posts\/8708\/revisions\/8709"}],"wp:featuredmedia":[{"embeddable":true,"href":"https:\/\/prodelcobre.cl\/nueva\/wp-json\/wp\/v2\/media\/3922"}],"wp:attachment":[{"href":"https:\/\/prodelcobre.cl\/nueva\/wp-json\/wp\/v2\/media?parent=8708"}],"wp:term":[{"taxonomy":"category","embeddable":true,"href":"https:\/\/prodelcobre.cl\/nueva\/wp-json\/wp\/v2\/categories?post=8708"},{"taxonomy":"post_tag","embeddable":true,"href":"https:\/\/prodelcobre.cl\/nueva\/wp-json\/wp\/v2\/tags?post=8708"}],"curies":[{"name":"wp","href":"https:\/\/api.w.org\/{rel}","templated":true}]}}