{"id":8905,"date":"2023-08-29T15:32:36","date_gmt":"2023-08-29T18:32:36","guid":{"rendered":"https:\/\/prodelcobre.cl\/nueva\/?p=8905"},"modified":"2023-08-29T15:32:37","modified_gmt":"2023-08-29T18:32:37","slug":"water-congress-2023-dara-a-conocer-las-principales-innovaciones-en-gestion-hidrica-en-mineria","status":"publish","type":"post","link":"https:\/\/prodelcobre.cl\/nueva\/water-congress-2023-dara-a-conocer-las-principales-innovaciones-en-gestion-hidrica-en-mineria\/","title":{"rendered":"Water Congress 2023 dar\u00e1 a conocer las principales innovaciones en gesti\u00f3n h\u00eddrica en miner\u00eda"},"content":{"rendered":"\n<h2 class=\"wp-block-heading\">El encuentro se realizar\u00e1 desde el 6 al 8 de septiembre y contar\u00e1 con m\u00e1s de 85 presentaciones que comprender\u00e1n temas relacionados a la seguridad del agua y su uso eficiente, as\u00ed como tambi\u00e9n el manejo responsable dentro de las industrias.<\/h2>\n\n\n\n<p class=\"has-medium-font-size\">El Congreso Internacional en Gesti\u00f3n del Agua en Miner\u00eda y Procesos Industriales &#8211; Water Congress 2023, presentar\u00e1 en el Hotel Sheraton de Santiago, un espacio donde distintos ejecutivos, profesionales y acad\u00e9micos podr\u00e1n conocer los desaf\u00edos y los avances que se est\u00e1n desarrollando para una gesti\u00f3n h\u00eddrica eficiente y responsable. En esta oportunidad, la organizaci\u00f3n del congreso est\u00e1 a cargo del Centro de Recursos H\u00eddricos para la Agricultura y la Miner\u00eda &#8211; CRHIAM, SMI-ICE Chile y Gecamin.<br><br>Water Congress 2023 considera un programa t\u00e9cnico de 85 presentaciones con autores provenientes de 17 pa\u00edses y donde 20 de estas charlas son de compa\u00f1\u00edas mineras nacionales e internacionales, adem\u00e1s de otras industrias. Dentro de las principales tem\u00e1ticas que se abordar\u00e1n en este evento se encuentran la caracterizaci\u00f3n de los recursos h\u00eddricos, fuentes de agua y seguridad del suministro, uso eficiente de los recursos y su manejo responsable.<br><br>En esta oportunidad se presentar\u00e1n Cheryl Davis, Presidenta del Grupo Especialista en Sostenibilidad en el Sector del Agua, International Water Association &#8211; IWA (EE.UU); Rodrigo Sanhueza, Direcci\u00f3n General de Aguas (Chile); Peter Hatton, Gerente General, CRAMSA (Chile); Solange Dussaubat, Gerenta de Recursos H\u00eddricos, Antofagasta Minerals (Chile); Gladys Vidal, Directora, Centro de Recursos H\u00eddricos para la Agricultura y la Miner\u00eda \u2013 CRHIAM (Chile); Francisca Chadwick, Principal Water Resources Engineer Americas, Anglo American (Chile); y Corrado Tore, Gerente de Hidrogeolog\u00eda del Salar, SQM (Chile). Water Congress 2023 es presidido por Sof\u00eda Mordojovich, Gerente de Recursos H\u00eddricos de Teck Resources, Chile, y es qui\u00e9n se refiere a la relevancia de este Congreso para enfrentar los desaf\u00edos<br>que hoy en d\u00eda presenta la industria.<\/p>\n\n\n\n<p class=\"has-medium-font-size\">M\u00e1s informaci\u00f3n y detalles del programa lo pueden encontrar en gecamin.com\/water.congress.<\/p>\n","protected":false},"excerpt":{"rendered":"<p>El encuentro se realizar\u00e1 desde el 6 al 8 de septiembre y contar\u00e1 con m\u00e1s de 85 presentaciones<\/p>\n","protected":false},"author":3,"featured_media":8906,"comment_status":"closed","ping_status":"closed","sticky":false,"template":"","format":"standard","meta":{"footnotes":""},"categories":[51,52],"tags":[457],"class_list":["post-8905","post","type-post","status-publish","format-standard","has-post-thumbnail","hentry","category-chile","category-noticias","tag-watercongress"],"rttpg_featured_image_url":{"full":["https:\/\/prodelcobre.cl\/nueva\/wp-content\/uploads\/2023\/08\/water-congress.jpg",1009,658,false],"landscape":["https:\/\/prodelcobre.cl\/nueva\/wp-content\/uploads\/2023\/08\/water-congress.jpg",1009,658,false],"portraits":["https:\/\/prodelcobre.cl\/nueva\/wp-content\/uploads\/2023\/08\/water-congress.jpg",1009,658,false],"thumbnail":["https:\/\/prodelcobre.cl\/nueva\/wp-content\/uploads\/2023\/08\/water-congress-150x150.jpg",150,150,true],"medium":["https:\/\/prodelcobre.cl\/nueva\/wp-content\/uploads\/2023\/08\/water-congress.jpg",1009,658,false],"large":["https:\/\/prodelcobre.cl\/nueva\/wp-content\/uploads\/2023\/08\/water-congress.jpg",1009,658,false],"1536x1536":["https:\/\/prodelcobre.cl\/nueva\/wp-content\/uploads\/2023\/08\/water-congress.jpg",1009,658,false],"2048x2048":["https:\/\/prodelcobre.cl\/nueva\/wp-content\/uploads\/2023\/08\/water-congress.jpg",1009,658,false],"morenews-featured":["https:\/\/prodelcobre.cl\/nueva\/wp-content\/uploads\/2023\/08\/water-congress.jpg",1009,658,false],"morenews-large":["https:\/\/prodelcobre.cl\/nueva\/wp-content\/uploads\/2023\/08\/water-congress-825x575.jpg",825,575,true],"morenews-medium":["https:\/\/prodelcobre.cl\/nueva\/wp-content\/uploads\/2023\/08\/water-congress-590x410.jpg",590,410,true],"psacp-medium":["https:\/\/prodelcobre.cl\/nueva\/wp-content\/uploads\/2023\/08\/water-congress.jpg",500,326,false]},"rttpg_author":{"display_name":"Francisco P\u00e9rez Alvi\u00e1rez","author_link":"https:\/\/prodelcobre.cl\/nueva\/author\/fperez\/"},"rttpg_comment":0,"rttpg_category":"<a href=\"https:\/\/prodelcobre.cl\/nueva\/category\/chile\/\" rel=\"category tag\">Chile<\/a> <a href=\"https:\/\/prodelcobre.cl\/nueva\/category\/noticias\/\" rel=\"category tag\">Noticias<\/a>","rttpg_excerpt":"El encuentro se realizar\u00e1 desde el 6 al 8 de septiembre y contar\u00e1 con m\u00e1s de 85 presentaciones","_links":{"self":[{"href":"https:\/\/prodelcobre.cl\/nueva\/wp-json\/wp\/v2\/posts\/8905","targetHints":{"allow":["GET"]}}],"collection":[{"href":"https:\/\/prodelcobre.cl\/nueva\/wp-json\/wp\/v2\/posts"}],"about":[{"href":"https:\/\/prodelcobre.cl\/nueva\/wp-json\/wp\/v2\/types\/post"}],"author":[{"embeddable":true,"href":"https:\/\/prodelcobre.cl\/nueva\/wp-json\/wp\/v2\/users\/3"}],"replies":[{"embeddable":true,"href":"https:\/\/prodelcobre.cl\/nueva\/wp-json\/wp\/v2\/comments?post=8905"}],"version-history":[{"count":1,"href":"https:\/\/prodelcobre.cl\/nueva\/wp-json\/wp\/v2\/posts\/8905\/revisions"}],"predecessor-version":[{"id":8907,"href":"https:\/\/prodelcobre.cl\/nueva\/wp-json\/wp\/v2\/posts\/8905\/revisions\/8907"}],"wp:featuredmedia":[{"embeddable":true,"href":"https:\/\/prodelcobre.cl\/nueva\/wp-json\/wp\/v2\/media\/8906"}],"wp:attachment":[{"href":"https:\/\/prodelcobre.cl\/nueva\/wp-json\/wp\/v2\/media?parent=8905"}],"wp:term":[{"taxonomy":"category","embeddable":true,"href":"https:\/\/prodelcobre.cl\/nueva\/wp-json\/wp\/v2\/categories?post=8905"},{"taxonomy":"post_tag","embeddable":true,"href":"https:\/\/prodelcobre.cl\/nueva\/wp-json\/wp\/v2\/tags?post=8905"}],"curies":[{"name":"wp","href":"https:\/\/api.w.org\/{rel}","templated":true}]}}