{"id":8908,"date":"2023-08-30T10:34:17","date_gmt":"2023-08-30T13:34:17","guid":{"rendered":"https:\/\/prodelcobre.cl\/nueva\/?p=8908"},"modified":"2023-08-30T10:34:18","modified_gmt":"2023-08-30T13:34:18","slug":"codelco-despidio-al-10-de-sus-trabajadores-en-su-casa-matriz","status":"publish","type":"post","link":"https:\/\/prodelcobre.cl\/nueva\/codelco-despidio-al-10-de-sus-trabajadores-en-su-casa-matriz\/","title":{"rendered":"Codelco despidi\u00f3 al 10% de sus trabajadores en su casa matriz"},"content":{"rendered":"\n<h2 class=\"wp-block-heading\">La compa\u00f1\u00eda realiz\u00f3 un recorte de personal que incluy\u00f3 al menos 40 personas debido a las medidas de contenci\u00f3n de costos. <\/h2>\n\n\n\n<p class=\"has-medium-font-size\">Codelco anunci\u00f3 la reducci\u00f3n del 10% de los trabajadores de su casa matriz, lo que implica el despido de 40 personas por las medidas de contenci\u00f3n de costos que incluyen la rebaja de gastos en servicios de terceros, disminuci\u00f3n de asesor\u00edas, postergaci\u00f3n de iniciativas no productivas, reducci\u00f3n de inventarios, optimizaci\u00f3n de contratos, eficiencia en la gesti\u00f3n presupuestaria, entre otras.<\/p>\n\n\n\n<p class=\"has-medium-font-size\">El sindicato de supervisores de casa matriz rechaz\u00f3 la decisi\u00f3n de la empresa e indicaron que se tratar\u00eda de despidos injustificados. Asimismo, indicaron que hay \u201cdesconcierto\u201d e \u201cinquietud laboral\u201d. Adem\u00e1s, desde el sindicato se se\u00f1al\u00f3 que los despidos son&nbsp;<strong>\u201ccontraproducentes para la estabilidad de Codelco, especialmente por el delicado momento que se vive en t\u00e9rminos econ\u00f3micos<\/strong>&nbsp;y organizacionales\u201d.<\/p>\n","protected":false},"excerpt":{"rendered":"<p>La compa\u00f1\u00eda realiz\u00f3 un recorte de personal que incluy\u00f3 al menos 40 personas debido a las medidas de<\/p>\n","protected":false},"author":3,"featured_media":8064,"comment_status":"closed","ping_status":"closed","sticky":false,"template":"","format":"standard","meta":{"footnotes":""},"categories":[51,52],"tags":[101],"class_list":["post-8908","post","type-post","status-publish","format-standard","has-post-thumbnail","hentry","category-chile","category-noticias","tag-codelco"],"rttpg_featured_image_url":{"full":["https:\/\/prodelcobre.cl\/nueva\/wp-content\/uploads\/2023\/04\/codelco-2.jpg",1100,697,false],"landscape":["https:\/\/prodelcobre.cl\/nueva\/wp-content\/uploads\/2023\/04\/codelco-2.jpg",1100,697,false],"portraits":["https:\/\/prodelcobre.cl\/nueva\/wp-content\/uploads\/2023\/04\/codelco-2.jpg",1100,697,false],"thumbnail":["https:\/\/prodelcobre.cl\/nueva\/wp-content\/uploads\/2023\/04\/codelco-2-150x150.jpg",150,150,true],"medium":["https:\/\/prodelcobre.cl\/nueva\/wp-content\/uploads\/2023\/04\/codelco-2.jpg",1100,697,false],"large":["https:\/\/prodelcobre.cl\/nueva\/wp-content\/uploads\/2023\/04\/codelco-2.jpg",1100,697,false],"1536x1536":["https:\/\/prodelcobre.cl\/nueva\/wp-content\/uploads\/2023\/04\/codelco-2.jpg",1100,697,false],"2048x2048":["https:\/\/prodelcobre.cl\/nueva\/wp-content\/uploads\/2023\/04\/codelco-2.jpg",1100,697,false],"morenews-featured":["https:\/\/prodelcobre.cl\/nueva\/wp-content\/uploads\/2023\/04\/codelco-2.jpg",1024,649,false],"morenews-large":["https:\/\/prodelcobre.cl\/nueva\/wp-content\/uploads\/2023\/04\/codelco-2.jpg",825,523,false],"morenews-medium":["https:\/\/prodelcobre.cl\/nueva\/wp-content\/uploads\/2023\/04\/codelco-2.jpg",590,374,false],"psacp-medium":["https:\/\/prodelcobre.cl\/nueva\/wp-content\/uploads\/2023\/04\/codelco-2.jpg",500,317,false]},"rttpg_author":{"display_name":"Francisco P\u00e9rez Alvi\u00e1rez","author_link":"https:\/\/prodelcobre.cl\/nueva\/author\/fperez\/"},"rttpg_comment":0,"rttpg_category":"<a href=\"https:\/\/prodelcobre.cl\/nueva\/category\/chile\/\" rel=\"category tag\">Chile<\/a> <a href=\"https:\/\/prodelcobre.cl\/nueva\/category\/noticias\/\" rel=\"category tag\">Noticias<\/a>","rttpg_excerpt":"La compa\u00f1\u00eda realiz\u00f3 un recorte de personal que incluy\u00f3 al menos 40 personas debido a las medidas de","_links":{"self":[{"href":"https:\/\/prodelcobre.cl\/nueva\/wp-json\/wp\/v2\/posts\/8908","targetHints":{"allow":["GET"]}}],"collection":[{"href":"https:\/\/prodelcobre.cl\/nueva\/wp-json\/wp\/v2\/posts"}],"about":[{"href":"https:\/\/prodelcobre.cl\/nueva\/wp-json\/wp\/v2\/types\/post"}],"author":[{"embeddable":true,"href":"https:\/\/prodelcobre.cl\/nueva\/wp-json\/wp\/v2\/users\/3"}],"replies":[{"embeddable":true,"href":"https:\/\/prodelcobre.cl\/nueva\/wp-json\/wp\/v2\/comments?post=8908"}],"version-history":[{"count":1,"href":"https:\/\/prodelcobre.cl\/nueva\/wp-json\/wp\/v2\/posts\/8908\/revisions"}],"predecessor-version":[{"id":8909,"href":"https:\/\/prodelcobre.cl\/nueva\/wp-json\/wp\/v2\/posts\/8908\/revisions\/8909"}],"wp:featuredmedia":[{"embeddable":true,"href":"https:\/\/prodelcobre.cl\/nueva\/wp-json\/wp\/v2\/media\/8064"}],"wp:attachment":[{"href":"https:\/\/prodelcobre.cl\/nueva\/wp-json\/wp\/v2\/media?parent=8908"}],"wp:term":[{"taxonomy":"category","embeddable":true,"href":"https:\/\/prodelcobre.cl\/nueva\/wp-json\/wp\/v2\/categories?post=8908"},{"taxonomy":"post_tag","embeddable":true,"href":"https:\/\/prodelcobre.cl\/nueva\/wp-json\/wp\/v2\/tags?post=8908"}],"curies":[{"name":"wp","href":"https:\/\/api.w.org\/{rel}","templated":true}]}}