{"id":8910,"date":"2023-08-30T11:47:28","date_gmt":"2023-08-30T14:47:28","guid":{"rendered":"https:\/\/prodelcobre.cl\/nueva\/?p=8910"},"modified":"2023-08-30T11:47:29","modified_gmt":"2023-08-30T14:47:29","slug":"comite-de-ministros-resolvio-calificacion-ambiental-del-proyecto-relaves-filtrados-planta-de-pellets","status":"publish","type":"post","link":"https:\/\/prodelcobre.cl\/nueva\/comite-de-ministros-resolvio-calificacion-ambiental-del-proyecto-relaves-filtrados-planta-de-pellets\/","title":{"rendered":"Comit\u00e9 de Ministros resolvi\u00f3 calificaci\u00f3n ambiental del proyecto Relaves Filtrados Planta de Pellets"},"content":{"rendered":"\n<h2 class=\"wp-block-heading\">El proyecto consiste en la construcci\u00f3n, operaci\u00f3n y cierre de un dep\u00f3sito de relaves filtrados que se emplazar\u00e1 en terrenos de propiedad de CAP Miner\u00eda, ubicados al sur de la Planta de Pellets de Huasco, regi\u00f3n de Atacama. &nbsp;<\/h2>\n\n\n\n<p class=\"has-medium-font-size\">El Comit\u00e9 de Ministros, presidido por la ministra del Medio Ambiente, Maisa Rojas, e integrado por las carteras de Econom\u00eda, Salud, Agricultura, Energ\u00eda y Miner\u00eda, se reuni\u00f3 por cuarta vez este a\u00f1o 2023 y se pronunci\u00f3 respecto de los proyectos Relaves Filtrados Planta de Pellets. &nbsp;<\/p>\n\n\n\n<p class=\"has-medium-font-size\">Seg\u00fan indicaron desde el Ministerio de Medioambiente, durante la sesi\u00f3n, el Comit\u00e9 se pronunci\u00f3, en primer lugar, sobre el recurso de reclamaci\u00f3n presentado por trece personas naturales que se hicieron parte del proceso de participaci\u00f3n ciudadana, en contra de la Resoluci\u00f3n de Calificaci\u00f3n Ambiental (RCA) del&nbsp;<strong>Estudio de Impacto Ambiental (EIA) de la Comisi\u00f3n de Evaluaci\u00f3n Ambiental de la Regi\u00f3n de Atacama que el 27 de octubre de 2021, aprob\u00f3 el proyecto Relaves Filtrados Planta de Pellets, de Compa\u00f1\u00eda Minera del Pac\u00edfico S.A.<\/strong>&nbsp;<\/p>\n\n\n\n<p class=\"has-medium-font-size\">El proyecto de US $110 millones de d\u00f3lares&nbsp;<strong>-aprobado el a\u00f1o 2021 por la Comisi\u00f3n de Evaluaci\u00f3n de la Regi\u00f3n de Atacama, previa recomendaci\u00f3n de aprobaci\u00f3n del SEA-,<\/strong>&nbsp;consiste en la construcci\u00f3n, operaci\u00f3n y cierre de un dep\u00f3sito de relaves filtrados que se emplazar\u00e1 en terrenos de propiedad de CAP Miner\u00eda, ubicados al sur de la Planta de Pellets de Huasco, regi\u00f3n de Atacama. &nbsp;<\/p>\n","protected":false},"excerpt":{"rendered":"<p>El proyecto consiste en la construcci\u00f3n, operaci\u00f3n y cierre de un dep\u00f3sito de relaves filtrados que se emplazar\u00e1<\/p>\n","protected":false},"author":3,"featured_media":8911,"comment_status":"closed","ping_status":"closed","sticky":false,"template":"","format":"standard","meta":{"footnotes":""},"categories":[51,52],"tags":[103],"class_list":["post-8910","post","type-post","status-publish","format-standard","has-post-thumbnail","hentry","category-chile","category-noticias","tag-medioambiente"],"rttpg_featured_image_url":{"full":["https:\/\/prodelcobre.cl\/nueva\/wp-content\/uploads\/2023\/08\/comite-de-ministros.jpg",1500,936,false],"landscape":["https:\/\/prodelcobre.cl\/nueva\/wp-content\/uploads\/2023\/08\/comite-de-ministros.jpg",1500,936,false],"portraits":["https:\/\/prodelcobre.cl\/nueva\/wp-content\/uploads\/2023\/08\/comite-de-ministros.jpg",1500,936,false],"thumbnail":["https:\/\/prodelcobre.cl\/nueva\/wp-content\/uploads\/2023\/08\/comite-de-ministros-150x150.jpg",150,150,true],"medium":["https:\/\/prodelcobre.cl\/nueva\/wp-content\/uploads\/2023\/08\/comite-de-ministros.jpg",1500,936,false],"large":["https:\/\/prodelcobre.cl\/nueva\/wp-content\/uploads\/2023\/08\/comite-de-ministros.jpg",1500,936,false],"1536x1536":["https:\/\/prodelcobre.cl\/nueva\/wp-content\/uploads\/2023\/08\/comite-de-ministros.jpg",1500,936,false],"2048x2048":["https:\/\/prodelcobre.cl\/nueva\/wp-content\/uploads\/2023\/08\/comite-de-ministros.jpg",1500,936,false],"morenews-featured":["https:\/\/prodelcobre.cl\/nueva\/wp-content\/uploads\/2023\/08\/comite-de-ministros-1024x639.jpg",1024,639,true],"morenews-large":["https:\/\/prodelcobre.cl\/nueva\/wp-content\/uploads\/2023\/08\/comite-de-ministros-825x575.jpg",825,575,true],"morenews-medium":["https:\/\/prodelcobre.cl\/nueva\/wp-content\/uploads\/2023\/08\/comite-de-ministros-590x410.jpg",590,410,true],"psacp-medium":["https:\/\/prodelcobre.cl\/nueva\/wp-content\/uploads\/2023\/08\/comite-de-ministros.jpg",500,312,false]},"rttpg_author":{"display_name":"Francisco P\u00e9rez Alvi\u00e1rez","author_link":"https:\/\/prodelcobre.cl\/nueva\/author\/fperez\/"},"rttpg_comment":0,"rttpg_category":"<a href=\"https:\/\/prodelcobre.cl\/nueva\/category\/chile\/\" rel=\"category tag\">Chile<\/a> <a href=\"https:\/\/prodelcobre.cl\/nueva\/category\/noticias\/\" rel=\"category tag\">Noticias<\/a>","rttpg_excerpt":"El proyecto consiste en la construcci\u00f3n, operaci\u00f3n y cierre de un dep\u00f3sito de relaves filtrados que se emplazar\u00e1","_links":{"self":[{"href":"https:\/\/prodelcobre.cl\/nueva\/wp-json\/wp\/v2\/posts\/8910","targetHints":{"allow":["GET"]}}],"collection":[{"href":"https:\/\/prodelcobre.cl\/nueva\/wp-json\/wp\/v2\/posts"}],"about":[{"href":"https:\/\/prodelcobre.cl\/nueva\/wp-json\/wp\/v2\/types\/post"}],"author":[{"embeddable":true,"href":"https:\/\/prodelcobre.cl\/nueva\/wp-json\/wp\/v2\/users\/3"}],"replies":[{"embeddable":true,"href":"https:\/\/prodelcobre.cl\/nueva\/wp-json\/wp\/v2\/comments?post=8910"}],"version-history":[{"count":1,"href":"https:\/\/prodelcobre.cl\/nueva\/wp-json\/wp\/v2\/posts\/8910\/revisions"}],"predecessor-version":[{"id":8912,"href":"https:\/\/prodelcobre.cl\/nueva\/wp-json\/wp\/v2\/posts\/8910\/revisions\/8912"}],"wp:featuredmedia":[{"embeddable":true,"href":"https:\/\/prodelcobre.cl\/nueva\/wp-json\/wp\/v2\/media\/8911"}],"wp:attachment":[{"href":"https:\/\/prodelcobre.cl\/nueva\/wp-json\/wp\/v2\/media?parent=8910"}],"wp:term":[{"taxonomy":"category","embeddable":true,"href":"https:\/\/prodelcobre.cl\/nueva\/wp-json\/wp\/v2\/categories?post=8910"},{"taxonomy":"post_tag","embeddable":true,"href":"https:\/\/prodelcobre.cl\/nueva\/wp-json\/wp\/v2\/tags?post=8910"}],"curies":[{"name":"wp","href":"https:\/\/api.w.org\/{rel}","templated":true}]}}