{"id":9117,"date":"2023-09-29T13:30:12","date_gmt":"2023-09-29T16:30:12","guid":{"rendered":"https:\/\/prodelcobre.cl\/nueva\/?p=9117"},"modified":"2023-09-29T13:30:13","modified_gmt":"2023-09-29T16:30:13","slug":"consejo-estrategico-del-comite-de-litio-y-salares-se-definio-cronograma-para-avanzar-en-la-industria","status":"publish","type":"post","link":"https:\/\/prodelcobre.cl\/nueva\/consejo-estrategico-del-comite-de-litio-y-salares-se-definio-cronograma-para-avanzar-en-la-industria\/","title":{"rendered":"Consejo Estrat\u00e9gico del Comit\u00e9 de Litio y Salares se defini\u00f3 cronograma para avanzar en la industria"},"content":{"rendered":"\n<h2 class=\"wp-block-heading\">Anunciaron el inicio di\u00e1logos con las comunidades en octubre para continuar luego con el calendario en Antofagasta, Arica y Parinacota, Tarapac\u00e1 y un di\u00e1logo de cierre en Santiago.<\/h2>\n\n\n\n<p class=\"has-medium-font-size\">El Consejo Estrat\u00e9gico del Comit\u00e9 de Litio y Salares<strong>&nbsp;se reuni\u00f3 para definir el cronograma del plan de trabajo para avanzar<\/strong>&nbsp;en la consolidaci\u00f3n de la Estrategia Nacional del Litio. La ministra Williams expres\u00f3 al respecto: &#8220;Los resultados de esta nueva sesi\u00f3n y los acuerdos adoptados&nbsp;<strong>hoy nos muestran que la Estrategia Nacional del Litio va por buen camino<\/strong>&#8220;.<\/p>\n\n\n\n<p class=\"has-medium-font-size\">El Consejo Estrat\u00e9gico del Comit\u00e9 de Litio y Salares volver\u00e1 a sesionar a fines de octubre, con el prop\u00f3sito de ir<strong>&nbsp;monitoreando el cumplimiento de los hitos fijados por la instancia y avanzar sobre una propuesta prelimina<\/strong>r de Salares Protegidos y Salares Estrat\u00e9gicos para la discusi\u00f3n de los miembros del comit\u00e9.<\/p>\n","protected":false},"excerpt":{"rendered":"<p>Anunciaron el inicio di\u00e1logos con las comunidades en octubre para continuar luego con el calendario en Antofagasta, Arica<\/p>\n","protected":false},"author":3,"featured_media":9118,"comment_status":"closed","ping_status":"closed","sticky":false,"template":"","format":"standard","meta":{"footnotes":""},"categories":[51,52],"tags":[100],"class_list":["post-9117","post","type-post","status-publish","format-standard","has-post-thumbnail","hentry","category-chile","category-noticias","tag-litio"],"rttpg_featured_image_url":{"full":["https:\/\/prodelcobre.cl\/nueva\/wp-content\/uploads\/2023\/09\/comite.jpg",1270,707,false],"landscape":["https:\/\/prodelcobre.cl\/nueva\/wp-content\/uploads\/2023\/09\/comite.jpg",1270,707,false],"portraits":["https:\/\/prodelcobre.cl\/nueva\/wp-content\/uploads\/2023\/09\/comite.jpg",1270,707,false],"thumbnail":["https:\/\/prodelcobre.cl\/nueva\/wp-content\/uploads\/2023\/09\/comite-150x150.jpg",150,150,true],"medium":["https:\/\/prodelcobre.cl\/nueva\/wp-content\/uploads\/2023\/09\/comite.jpg",1270,707,false],"large":["https:\/\/prodelcobre.cl\/nueva\/wp-content\/uploads\/2023\/09\/comite.jpg",1270,707,false],"1536x1536":["https:\/\/prodelcobre.cl\/nueva\/wp-content\/uploads\/2023\/09\/comite.jpg",1270,707,false],"2048x2048":["https:\/\/prodelcobre.cl\/nueva\/wp-content\/uploads\/2023\/09\/comite.jpg",1270,707,false],"morenews-featured":["https:\/\/prodelcobre.cl\/nueva\/wp-content\/uploads\/2023\/09\/comite-1024x570.jpg",1024,570,true],"morenews-large":["https:\/\/prodelcobre.cl\/nueva\/wp-content\/uploads\/2023\/09\/comite-825x575.jpg",825,575,true],"morenews-medium":["https:\/\/prodelcobre.cl\/nueva\/wp-content\/uploads\/2023\/09\/comite-590x410.jpg",590,410,true],"psacp-medium":["https:\/\/prodelcobre.cl\/nueva\/wp-content\/uploads\/2023\/09\/comite.jpg",500,278,false]},"rttpg_author":{"display_name":"Francisco P\u00e9rez Alvi\u00e1rez","author_link":"https:\/\/prodelcobre.cl\/nueva\/author\/fperez\/"},"rttpg_comment":0,"rttpg_category":"<a href=\"https:\/\/prodelcobre.cl\/nueva\/category\/chile\/\" rel=\"category tag\">Chile<\/a> <a href=\"https:\/\/prodelcobre.cl\/nueva\/category\/noticias\/\" rel=\"category tag\">Noticias<\/a>","rttpg_excerpt":"Anunciaron el inicio di\u00e1logos con las comunidades en octubre para continuar luego con el calendario en Antofagasta, Arica","_links":{"self":[{"href":"https:\/\/prodelcobre.cl\/nueva\/wp-json\/wp\/v2\/posts\/9117","targetHints":{"allow":["GET"]}}],"collection":[{"href":"https:\/\/prodelcobre.cl\/nueva\/wp-json\/wp\/v2\/posts"}],"about":[{"href":"https:\/\/prodelcobre.cl\/nueva\/wp-json\/wp\/v2\/types\/post"}],"author":[{"embeddable":true,"href":"https:\/\/prodelcobre.cl\/nueva\/wp-json\/wp\/v2\/users\/3"}],"replies":[{"embeddable":true,"href":"https:\/\/prodelcobre.cl\/nueva\/wp-json\/wp\/v2\/comments?post=9117"}],"version-history":[{"count":1,"href":"https:\/\/prodelcobre.cl\/nueva\/wp-json\/wp\/v2\/posts\/9117\/revisions"}],"predecessor-version":[{"id":9119,"href":"https:\/\/prodelcobre.cl\/nueva\/wp-json\/wp\/v2\/posts\/9117\/revisions\/9119"}],"wp:featuredmedia":[{"embeddable":true,"href":"https:\/\/prodelcobre.cl\/nueva\/wp-json\/wp\/v2\/media\/9118"}],"wp:attachment":[{"href":"https:\/\/prodelcobre.cl\/nueva\/wp-json\/wp\/v2\/media?parent=9117"}],"wp:term":[{"taxonomy":"category","embeddable":true,"href":"https:\/\/prodelcobre.cl\/nueva\/wp-json\/wp\/v2\/categories?post=9117"},{"taxonomy":"post_tag","embeddable":true,"href":"https:\/\/prodelcobre.cl\/nueva\/wp-json\/wp\/v2\/tags?post=9117"}],"curies":[{"name":"wp","href":"https:\/\/api.w.org\/{rel}","templated":true}]}}