{"id":9120,"date":"2023-10-02T10:12:30","date_gmt":"2023-10-02T13:12:30","guid":{"rendered":"https:\/\/prodelcobre.cl\/nueva\/?p=9120"},"modified":"2023-10-02T10:12:32","modified_gmt":"2023-10-02T13:12:32","slug":"hacienda-optara-por-formula-basada-en-rentas-de-corfo-para-calcular-los-ingresos-del-litio","status":"publish","type":"post","link":"https:\/\/prodelcobre.cl\/nueva\/hacienda-optara-por-formula-basada-en-rentas-de-corfo-para-calcular-los-ingresos-del-litio\/","title":{"rendered":"Hacienda optar\u00e1 por f\u00f3rmula basada en rentas de Corfo para calcular los ingresos del litio"},"content":{"rendered":"\n<h2 class=\"wp-block-heading\">Expertos advierten que este ajuste ser\u00eda parcial y habr\u00eda un mayor financiamiento con recaudaci\u00f3n transitoria.<\/h2>\n\n\n\n<p class=\"has-medium-font-size\">El Gobierno ha decidido implementar una metodolog\u00eda de&nbsp;ahorro de los mayores recursos del fisco provenientes de la explotaci\u00f3n del litio, el Gobierno opt\u00f3 por calcular como estructurales un segmento de los ingresos por el litio, referidos al arrendamiento de las pertenencias de Corfo a SQM y Albemarle, las \u00fanicas dos productoras del mineral.<\/p>\n\n\n\n<p class=\"has-medium-font-size\">La medida se da luego las recomendaciones m\u00e1s recurrentes del Consejo Fiscal Aut\u00f3nomo (CFA) en los \u00faltimos meses al Gobierno ha sido implementar una metodolog\u00eda de&nbsp;ahorro de los mayores recursos del fisco provenientes de la explotaci\u00f3n del litio.<\/p>\n\n\n\n<p class=\"has-medium-font-size\">El decreto aprueba la metodolog\u00eda, procedimiento y publicaci\u00f3n del c\u00e1lculo del balance estructural e incluye la f\u00f3rmula de c\u00e1lculo del ajuste prudencial de los ingresos por litio. El otro mineral cuyos ingresos son relevantes es el cobre. En ese caso, el c\u00e1lculo de ingresos estructurales se hace mediante un comit\u00e9 consultivo establecido como parte de la regla fiscal.<\/p>\n\n\n\n<p class=\"has-medium-font-size\">Por su parte, los <strong>expertos advierten que ajuste ser\u00eda parcial y habr\u00eda un mayor financiamiento con recaudaci\u00f3n transitoria.<\/strong><\/p>\n","protected":false},"excerpt":{"rendered":"<p>Expertos advierten que este ajuste ser\u00eda parcial y habr\u00eda un mayor financiamiento con recaudaci\u00f3n transitoria. El Gobierno ha<\/p>\n","protected":false},"author":3,"featured_media":5912,"comment_status":"closed","ping_status":"closed","sticky":false,"template":"","format":"standard","meta":{"footnotes":""},"categories":[51,52],"tags":[100],"class_list":["post-9120","post","type-post","status-publish","format-standard","has-post-thumbnail","hentry","category-chile","category-noticias","tag-litio"],"rttpg_featured_image_url":{"full":["https:\/\/prodelcobre.cl\/nueva\/wp-content\/uploads\/2022\/07\/Litio-Salar.jpg",1000,530,false],"landscape":["https:\/\/prodelcobre.cl\/nueva\/wp-content\/uploads\/2022\/07\/Litio-Salar.jpg",1000,530,false],"portraits":["https:\/\/prodelcobre.cl\/nueva\/wp-content\/uploads\/2022\/07\/Litio-Salar.jpg",1000,530,false],"thumbnail":["https:\/\/prodelcobre.cl\/nueva\/wp-content\/uploads\/2022\/07\/Litio-Salar-150x150.jpg",150,150,true],"medium":["https:\/\/prodelcobre.cl\/nueva\/wp-content\/uploads\/2022\/07\/Litio-Salar.jpg",1000,530,false],"large":["https:\/\/prodelcobre.cl\/nueva\/wp-content\/uploads\/2022\/07\/Litio-Salar.jpg",1000,530,false],"1536x1536":["https:\/\/prodelcobre.cl\/nueva\/wp-content\/uploads\/2022\/07\/Litio-Salar.jpg",1000,530,false],"2048x2048":["https:\/\/prodelcobre.cl\/nueva\/wp-content\/uploads\/2022\/07\/Litio-Salar.jpg",1000,530,false],"morenews-featured":["https:\/\/prodelcobre.cl\/nueva\/wp-content\/uploads\/2022\/07\/Litio-Salar.jpg",1000,530,false],"morenews-large":["https:\/\/prodelcobre.cl\/nueva\/wp-content\/uploads\/2022\/07\/Litio-Salar.jpg",825,437,false],"morenews-medium":["https:\/\/prodelcobre.cl\/nueva\/wp-content\/uploads\/2022\/07\/Litio-Salar.jpg",590,313,false],"psacp-medium":["https:\/\/prodelcobre.cl\/nueva\/wp-content\/uploads\/2022\/07\/Litio-Salar.jpg",500,265,false]},"rttpg_author":{"display_name":"Francisco P\u00e9rez Alvi\u00e1rez","author_link":"https:\/\/prodelcobre.cl\/nueva\/author\/fperez\/"},"rttpg_comment":0,"rttpg_category":"<a href=\"https:\/\/prodelcobre.cl\/nueva\/category\/chile\/\" rel=\"category tag\">Chile<\/a> <a href=\"https:\/\/prodelcobre.cl\/nueva\/category\/noticias\/\" rel=\"category tag\">Noticias<\/a>","rttpg_excerpt":"Expertos advierten que este ajuste ser\u00eda parcial y habr\u00eda un mayor financiamiento con recaudaci\u00f3n transitoria. El Gobierno ha","_links":{"self":[{"href":"https:\/\/prodelcobre.cl\/nueva\/wp-json\/wp\/v2\/posts\/9120","targetHints":{"allow":["GET"]}}],"collection":[{"href":"https:\/\/prodelcobre.cl\/nueva\/wp-json\/wp\/v2\/posts"}],"about":[{"href":"https:\/\/prodelcobre.cl\/nueva\/wp-json\/wp\/v2\/types\/post"}],"author":[{"embeddable":true,"href":"https:\/\/prodelcobre.cl\/nueva\/wp-json\/wp\/v2\/users\/3"}],"replies":[{"embeddable":true,"href":"https:\/\/prodelcobre.cl\/nueva\/wp-json\/wp\/v2\/comments?post=9120"}],"version-history":[{"count":1,"href":"https:\/\/prodelcobre.cl\/nueva\/wp-json\/wp\/v2\/posts\/9120\/revisions"}],"predecessor-version":[{"id":9121,"href":"https:\/\/prodelcobre.cl\/nueva\/wp-json\/wp\/v2\/posts\/9120\/revisions\/9121"}],"wp:featuredmedia":[{"embeddable":true,"href":"https:\/\/prodelcobre.cl\/nueva\/wp-json\/wp\/v2\/media\/5912"}],"wp:attachment":[{"href":"https:\/\/prodelcobre.cl\/nueva\/wp-json\/wp\/v2\/media?parent=9120"}],"wp:term":[{"taxonomy":"category","embeddable":true,"href":"https:\/\/prodelcobre.cl\/nueva\/wp-json\/wp\/v2\/categories?post=9120"},{"taxonomy":"post_tag","embeddable":true,"href":"https:\/\/prodelcobre.cl\/nueva\/wp-json\/wp\/v2\/tags?post=9120"}],"curies":[{"name":"wp","href":"https:\/\/api.w.org\/{rel}","templated":true}]}}