{"id":9157,"date":"2023-10-05T10:06:17","date_gmt":"2023-10-05T13:06:17","guid":{"rendered":"https:\/\/prodelcobre.cl\/nueva\/?p=9157"},"modified":"2023-10-05T10:06:20","modified_gmt":"2023-10-05T13:06:20","slug":"se-estreno-fondo-para-gobiernos-regionales-con-recursos-del-royalty","status":"publish","type":"post","link":"https:\/\/prodelcobre.cl\/nueva\/se-estreno-fondo-para-gobiernos-regionales-con-recursos-del-royalty\/","title":{"rendered":"Se estren\u00f3 fondo para Gobiernos Regionales con recursos del royalty"},"content":{"rendered":"\n<h2 class=\"wp-block-heading\">En inversi\u00f3n regional se estiman recursos por $ 1.648.783 millones, y se considera, en l\u00ednea con el proyecto de ley Regiones M\u00e1s Fuertes.<\/h2>\n\n\n\n<p class=\"has-medium-font-size\">El proyecto de Ley de Presupuestos a\u00f1o 2024 totaliza $ 1.765.549 millones -unos US$ 2.100 millones- para los Gobiernos Regionales (GORE), lo que implica un incremento en 5,8% ($ 96.534 millones) respecto de la base de comparaci\u00f3n a\u00f1o 2023, siendo esta la primera vez que existe una glosa separada especialmente para dichas instancias.<\/p>\n\n\n\n<p class=\"has-medium-font-size\">Seg\u00fan indic\u00f3 Diario Financiero, dentro de los fondos se incluir\u00e1 el financiamiento operacional para servicios b\u00e1sicos y generales, materiales de oficina, arriendos, etc; y para la dotaci\u00f3n de 2.370 funcionarios de planta y contrata. Tambi\u00e9n se consideran recursos para firmar convenios de productividad entre los gobiernos regionales y la Direcci\u00f3n de Presupuestos.<\/p>\n\n\n\n<p class=\"has-medium-font-size\">Asimismo, se incluye por primera vez una metodolog\u00eda de distribuci\u00f3n para el Fondo de Equidad Interregional, considerando las siguientes variables: brechas generadas por el FNDR, efectos del cambio clim\u00e1tico, brechas regionales del PIB per c\u00e1pita, efectos de la migraci\u00f3n, y la capacidad de generar ingresos propios. Adicionalmente, considera un mecanismo de reasignaci\u00f3n solidaria entre los GORE.<\/p>\n","protected":false},"excerpt":{"rendered":"<p>En inversi\u00f3n regional se estiman recursos por $ 1.648.783 millones, y se considera, en l\u00ednea con el proyecto<\/p>\n","protected":false},"author":3,"featured_media":5994,"comment_status":"closed","ping_status":"closed","sticky":false,"template":"","format":"standard","meta":{"footnotes":""},"categories":[51,52],"tags":[89,125],"class_list":["post-9157","post","type-post","status-publish","format-standard","has-post-thumbnail","hentry","category-chile","category-noticias","tag-mineria-4","tag-royalty-2"],"rttpg_featured_image_url":{"full":["https:\/\/prodelcobre.cl\/nueva\/wp-content\/uploads\/2022\/07\/royalty.jpg",977,646,false],"landscape":["https:\/\/prodelcobre.cl\/nueva\/wp-content\/uploads\/2022\/07\/royalty.jpg",977,646,false],"portraits":["https:\/\/prodelcobre.cl\/nueva\/wp-content\/uploads\/2022\/07\/royalty.jpg",977,646,false],"thumbnail":["https:\/\/prodelcobre.cl\/nueva\/wp-content\/uploads\/2022\/07\/royalty-150x150.jpg",150,150,true],"medium":["https:\/\/prodelcobre.cl\/nueva\/wp-content\/uploads\/2022\/07\/royalty.jpg",977,646,false],"large":["https:\/\/prodelcobre.cl\/nueva\/wp-content\/uploads\/2022\/07\/royalty.jpg",977,646,false],"1536x1536":["https:\/\/prodelcobre.cl\/nueva\/wp-content\/uploads\/2022\/07\/royalty.jpg",977,646,false],"2048x2048":["https:\/\/prodelcobre.cl\/nueva\/wp-content\/uploads\/2022\/07\/royalty.jpg",977,646,false],"morenews-featured":["https:\/\/prodelcobre.cl\/nueva\/wp-content\/uploads\/2022\/07\/royalty.jpg",977,646,false],"morenews-large":["https:\/\/prodelcobre.cl\/nueva\/wp-content\/uploads\/2022\/07\/royalty.jpg",825,545,false],"morenews-medium":["https:\/\/prodelcobre.cl\/nueva\/wp-content\/uploads\/2022\/07\/royalty.jpg",590,390,false],"psacp-medium":["https:\/\/prodelcobre.cl\/nueva\/wp-content\/uploads\/2022\/07\/royalty.jpg",500,331,false]},"rttpg_author":{"display_name":"Francisco P\u00e9rez Alvi\u00e1rez","author_link":"https:\/\/prodelcobre.cl\/nueva\/author\/fperez\/"},"rttpg_comment":0,"rttpg_category":"<a href=\"https:\/\/prodelcobre.cl\/nueva\/category\/chile\/\" rel=\"category tag\">Chile<\/a> <a href=\"https:\/\/prodelcobre.cl\/nueva\/category\/noticias\/\" rel=\"category tag\">Noticias<\/a>","rttpg_excerpt":"En inversi\u00f3n regional se estiman recursos por $ 1.648.783 millones, y se considera, en l\u00ednea con el proyecto","_links":{"self":[{"href":"https:\/\/prodelcobre.cl\/nueva\/wp-json\/wp\/v2\/posts\/9157","targetHints":{"allow":["GET"]}}],"collection":[{"href":"https:\/\/prodelcobre.cl\/nueva\/wp-json\/wp\/v2\/posts"}],"about":[{"href":"https:\/\/prodelcobre.cl\/nueva\/wp-json\/wp\/v2\/types\/post"}],"author":[{"embeddable":true,"href":"https:\/\/prodelcobre.cl\/nueva\/wp-json\/wp\/v2\/users\/3"}],"replies":[{"embeddable":true,"href":"https:\/\/prodelcobre.cl\/nueva\/wp-json\/wp\/v2\/comments?post=9157"}],"version-history":[{"count":1,"href":"https:\/\/prodelcobre.cl\/nueva\/wp-json\/wp\/v2\/posts\/9157\/revisions"}],"predecessor-version":[{"id":9158,"href":"https:\/\/prodelcobre.cl\/nueva\/wp-json\/wp\/v2\/posts\/9157\/revisions\/9158"}],"wp:featuredmedia":[{"embeddable":true,"href":"https:\/\/prodelcobre.cl\/nueva\/wp-json\/wp\/v2\/media\/5994"}],"wp:attachment":[{"href":"https:\/\/prodelcobre.cl\/nueva\/wp-json\/wp\/v2\/media?parent=9157"}],"wp:term":[{"taxonomy":"category","embeddable":true,"href":"https:\/\/prodelcobre.cl\/nueva\/wp-json\/wp\/v2\/categories?post=9157"},{"taxonomy":"post_tag","embeddable":true,"href":"https:\/\/prodelcobre.cl\/nueva\/wp-json\/wp\/v2\/tags?post=9157"}],"curies":[{"name":"wp","href":"https:\/\/api.w.org\/{rel}","templated":true}]}}