{"id":9159,"date":"2023-10-05T10:24:15","date_gmt":"2023-10-05T13:24:15","guid":{"rendered":"https:\/\/prodelcobre.cl\/nueva\/?p=9159"},"modified":"2023-10-05T10:24:16","modified_gmt":"2023-10-05T13:24:16","slug":"enami-modernizara-la-fundicion-hernan-videla-lira","status":"publish","type":"post","link":"https:\/\/prodelcobre.cl\/nueva\/enami-modernizara-la-fundicion-hernan-videla-lira\/","title":{"rendered":"Enami modernizar\u00e1 la Fundici\u00f3n Hern\u00e1n Videla Lira"},"content":{"rendered":"\n<h2 class=\"wp-block-heading\">La nueva gerencia de modernizaci\u00f3n de la FHVL contar\u00e1 con una dotaci\u00f3n de 22 profesionales de diversas \u00e1reas de la ingenier\u00eda y construcci\u00f3n.<\/h2>\n\n\n\n<p class=\"has-medium-font-size\">Enami modernizar\u00e1 la fundici\u00f3n de acuerdo a la informaci\u00f3n suministrada por Iv\u00e1n Mlynarz, vicepresidente de la estatal. Con respecto al estudio de impacto ambiental del proyecto de modernizaci\u00f3n, el vicepresidente de Enami inform\u00f3 que se encuentra en una etapa muy avanzada, estimando su ingreso a revisi\u00f3n por parte del sistema de evaluaci\u00f3n durante noviembre.<\/p>\n\n\n\n<p class=\"has-medium-font-size\">Esta nueva gerencia, ser\u00e1 liderada de manera interina por Hern\u00e1n Santander Gonz\u00e1lez quien ejerc\u00eda como gerente de la mencionada fundici\u00f3n. Santander es ingeniero civil en metalurgia de la Universidad de Atacama y cuenta con m\u00e1s de 20 a\u00f1os de experiencia liderando la gesti\u00f3n, dise\u00f1o e implementaci\u00f3n de proyectos, planificaci\u00f3n y supervisi\u00f3n operacional e innovaci\u00f3n para la industria minero\/metal\u00fargica nacional e internacional.<\/p>\n","protected":false},"excerpt":{"rendered":"<p>La nueva gerencia de modernizaci\u00f3n de la FHVL contar\u00e1 con una dotaci\u00f3n de 22 profesionales de diversas \u00e1reas<\/p>\n","protected":false},"author":3,"featured_media":5280,"comment_status":"closed","ping_status":"closed","sticky":false,"template":"","format":"standard","meta":{"footnotes":""},"categories":[51,52],"tags":[187],"class_list":["post-9159","post","type-post","status-publish","format-standard","has-post-thumbnail","hentry","category-chile","category-noticias","tag-enami"],"rttpg_featured_image_url":{"full":["https:\/\/prodelcobre.cl\/nueva\/wp-content\/uploads\/2022\/04\/ENAMI_building-scaled.jpg",2560,1920,false],"landscape":["https:\/\/prodelcobre.cl\/nueva\/wp-content\/uploads\/2022\/04\/ENAMI_building-scaled.jpg",2560,1920,false],"portraits":["https:\/\/prodelcobre.cl\/nueva\/wp-content\/uploads\/2022\/04\/ENAMI_building-scaled.jpg",2560,1920,false],"thumbnail":["https:\/\/prodelcobre.cl\/nueva\/wp-content\/uploads\/2022\/04\/ENAMI_building-150x150.jpg",150,150,true],"medium":["https:\/\/prodelcobre.cl\/nueva\/wp-content\/uploads\/2022\/04\/ENAMI_building-scaled.jpg",2560,1920,false],"large":["https:\/\/prodelcobre.cl\/nueva\/wp-content\/uploads\/2022\/04\/ENAMI_building-scaled.jpg",2560,1920,false],"1536x1536":["https:\/\/prodelcobre.cl\/nueva\/wp-content\/uploads\/2022\/04\/ENAMI_building-1536x1152.jpg",1536,1152,true],"2048x2048":["https:\/\/prodelcobre.cl\/nueva\/wp-content\/uploads\/2022\/04\/ENAMI_building-2048x1536.jpg",2048,1536,true],"morenews-featured":["https:\/\/prodelcobre.cl\/nueva\/wp-content\/uploads\/2022\/04\/ENAMI_building-scaled.jpg",1024,768,false],"morenews-large":["https:\/\/prodelcobre.cl\/nueva\/wp-content\/uploads\/2022\/04\/ENAMI_building-scaled.jpg",767,575,false],"morenews-medium":["https:\/\/prodelcobre.cl\/nueva\/wp-content\/uploads\/2022\/04\/ENAMI_building-scaled.jpg",547,410,false],"psacp-medium":["https:\/\/prodelcobre.cl\/nueva\/wp-content\/uploads\/2022\/04\/ENAMI_building-scaled.jpg",500,375,false]},"rttpg_author":{"display_name":"Francisco P\u00e9rez Alvi\u00e1rez","author_link":"https:\/\/prodelcobre.cl\/nueva\/author\/fperez\/"},"rttpg_comment":0,"rttpg_category":"<a href=\"https:\/\/prodelcobre.cl\/nueva\/category\/chile\/\" rel=\"category tag\">Chile<\/a> <a href=\"https:\/\/prodelcobre.cl\/nueva\/category\/noticias\/\" rel=\"category tag\">Noticias<\/a>","rttpg_excerpt":"La nueva gerencia de modernizaci\u00f3n de la FHVL contar\u00e1 con una dotaci\u00f3n de 22 profesionales de diversas \u00e1reas","_links":{"self":[{"href":"https:\/\/prodelcobre.cl\/nueva\/wp-json\/wp\/v2\/posts\/9159","targetHints":{"allow":["GET"]}}],"collection":[{"href":"https:\/\/prodelcobre.cl\/nueva\/wp-json\/wp\/v2\/posts"}],"about":[{"href":"https:\/\/prodelcobre.cl\/nueva\/wp-json\/wp\/v2\/types\/post"}],"author":[{"embeddable":true,"href":"https:\/\/prodelcobre.cl\/nueva\/wp-json\/wp\/v2\/users\/3"}],"replies":[{"embeddable":true,"href":"https:\/\/prodelcobre.cl\/nueva\/wp-json\/wp\/v2\/comments?post=9159"}],"version-history":[{"count":1,"href":"https:\/\/prodelcobre.cl\/nueva\/wp-json\/wp\/v2\/posts\/9159\/revisions"}],"predecessor-version":[{"id":9160,"href":"https:\/\/prodelcobre.cl\/nueva\/wp-json\/wp\/v2\/posts\/9159\/revisions\/9160"}],"wp:featuredmedia":[{"embeddable":true,"href":"https:\/\/prodelcobre.cl\/nueva\/wp-json\/wp\/v2\/media\/5280"}],"wp:attachment":[{"href":"https:\/\/prodelcobre.cl\/nueva\/wp-json\/wp\/v2\/media?parent=9159"}],"wp:term":[{"taxonomy":"category","embeddable":true,"href":"https:\/\/prodelcobre.cl\/nueva\/wp-json\/wp\/v2\/categories?post=9159"},{"taxonomy":"post_tag","embeddable":true,"href":"https:\/\/prodelcobre.cl\/nueva\/wp-json\/wp\/v2\/tags?post=9159"}],"curies":[{"name":"wp","href":"https:\/\/api.w.org\/{rel}","templated":true}]}}