{"id":9161,"date":"2023-10-05T11:01:30","date_gmt":"2023-10-05T14:01:30","guid":{"rendered":"https:\/\/prodelcobre.cl\/nueva\/?p=9161"},"modified":"2023-10-05T11:01:31","modified_gmt":"2023-10-05T14:01:31","slug":"statkraft-chile-renuncio-a-proyecto-hidroelectrico-osorno","status":"publish","type":"post","link":"https:\/\/prodelcobre.cl\/nueva\/statkraft-chile-renuncio-a-proyecto-hidroelectrico-osorno\/","title":{"rendered":"Statkraft Chile renunci\u00f3 a proyecto hidroel\u00e9ctrico Osorno"},"content":{"rendered":"\n<h2 class=\"wp-block-heading\">Tras un extenso proceso de vinculaci\u00f3n y di\u00e1logo, la compa\u00f1\u00eda noruega finalmente decidi\u00f3 renunciar a la RCA del proyecto y no continuar con esta iniciativa.<\/h2>\n\n\n\n<p class=\"has-medium-font-size\">&nbsp;El Servicio de Evaluaci\u00f3n Ambiental confirm\u00f3 la renuncia de Statkraft Chile al proyecto \u201cCentral Hidroel\u00e9ctrica Osorno\u201d, motivado por la consideraci\u00f3n especial de la compa\u00f1\u00eda estatal noruega hacia los derechos de los pueblos ind\u00edgenas.<\/p>\n\n\n\n<p class=\"has-medium-font-size\">Statkraft, empresa del Estado de Noruega y l\u00edder mundial en energ\u00edas renovables, lleg\u00f3 a Chile en 2014 y un a\u00f1o despu\u00e9s adquiere Empresa El\u00e9ctrica Pilmaiqu\u00e9n, propietaria de la central hidroel\u00e9ctrica Rucatayo de 52,5 MW, en operaci\u00f3n desde 2012, y titular de dos proyectos hidroel\u00e9ctricos en el mismo r\u00edo Pilmaiqu\u00e9n denominados Osorno y Los Lagos, ambos con Resoluci\u00f3n de Calificaci\u00f3n Ambiental (RCA).<\/p>\n\n\n\n<p class=\"has-medium-font-size\">Tras un extenso proceso de vinculaci\u00f3n y di\u00e1logo, la compa\u00f1\u00eda finalmente decidi\u00f3 renunciar a la RCA del proyecto y no continuar con esta iniciativa. Adem\u00e1s de la renuncia, la generadora de renovables restituy\u00f3 al Estado de Chile los derechos de agua asociados a esta iniciativa.<\/p>\n","protected":false},"excerpt":{"rendered":"<p>Tras un extenso proceso de vinculaci\u00f3n y di\u00e1logo, la compa\u00f1\u00eda noruega finalmente decidi\u00f3 renunciar a la RCA del<\/p>\n","protected":false},"author":3,"featured_media":7269,"comment_status":"closed","ping_status":"closed","sticky":false,"template":"","format":"standard","meta":{"footnotes":""},"categories":[51,59,52],"tags":[90,449],"class_list":["post-9161","post","type-post","status-publish","format-standard","has-post-thumbnail","hentry","category-chile","category-energia","category-noticias","tag-energia","tag-sea"],"rttpg_featured_image_url":{"full":["https:\/\/prodelcobre.cl\/nueva\/wp-content\/uploads\/2023\/01\/energia-freepik.jpg",841,547,false],"landscape":["https:\/\/prodelcobre.cl\/nueva\/wp-content\/uploads\/2023\/01\/energia-freepik.jpg",841,547,false],"portraits":["https:\/\/prodelcobre.cl\/nueva\/wp-content\/uploads\/2023\/01\/energia-freepik.jpg",841,547,false],"thumbnail":["https:\/\/prodelcobre.cl\/nueva\/wp-content\/uploads\/2023\/01\/energia-freepik-150x150.jpg",150,150,true],"medium":["https:\/\/prodelcobre.cl\/nueva\/wp-content\/uploads\/2023\/01\/energia-freepik.jpg",841,547,false],"large":["https:\/\/prodelcobre.cl\/nueva\/wp-content\/uploads\/2023\/01\/energia-freepik.jpg",841,547,false],"1536x1536":["https:\/\/prodelcobre.cl\/nueva\/wp-content\/uploads\/2023\/01\/energia-freepik.jpg",841,547,false],"2048x2048":["https:\/\/prodelcobre.cl\/nueva\/wp-content\/uploads\/2023\/01\/energia-freepik.jpg",841,547,false],"morenews-featured":["https:\/\/prodelcobre.cl\/nueva\/wp-content\/uploads\/2023\/01\/energia-freepik.jpg",841,547,false],"morenews-large":["https:\/\/prodelcobre.cl\/nueva\/wp-content\/uploads\/2023\/01\/energia-freepik.jpg",825,537,false],"morenews-medium":["https:\/\/prodelcobre.cl\/nueva\/wp-content\/uploads\/2023\/01\/energia-freepik.jpg",590,384,false],"psacp-medium":["https:\/\/prodelcobre.cl\/nueva\/wp-content\/uploads\/2023\/01\/energia-freepik.jpg",500,325,false]},"rttpg_author":{"display_name":"Francisco P\u00e9rez Alvi\u00e1rez","author_link":"https:\/\/prodelcobre.cl\/nueva\/author\/fperez\/"},"rttpg_comment":0,"rttpg_category":"<a href=\"https:\/\/prodelcobre.cl\/nueva\/category\/chile\/\" rel=\"category tag\">Chile<\/a> <a href=\"https:\/\/prodelcobre.cl\/nueva\/category\/energia\/\" rel=\"category tag\">Energ\u00eda<\/a> <a href=\"https:\/\/prodelcobre.cl\/nueva\/category\/noticias\/\" rel=\"category tag\">Noticias<\/a>","rttpg_excerpt":"Tras un extenso proceso de vinculaci\u00f3n y di\u00e1logo, la compa\u00f1\u00eda noruega finalmente decidi\u00f3 renunciar a la RCA del","_links":{"self":[{"href":"https:\/\/prodelcobre.cl\/nueva\/wp-json\/wp\/v2\/posts\/9161","targetHints":{"allow":["GET"]}}],"collection":[{"href":"https:\/\/prodelcobre.cl\/nueva\/wp-json\/wp\/v2\/posts"}],"about":[{"href":"https:\/\/prodelcobre.cl\/nueva\/wp-json\/wp\/v2\/types\/post"}],"author":[{"embeddable":true,"href":"https:\/\/prodelcobre.cl\/nueva\/wp-json\/wp\/v2\/users\/3"}],"replies":[{"embeddable":true,"href":"https:\/\/prodelcobre.cl\/nueva\/wp-json\/wp\/v2\/comments?post=9161"}],"version-history":[{"count":1,"href":"https:\/\/prodelcobre.cl\/nueva\/wp-json\/wp\/v2\/posts\/9161\/revisions"}],"predecessor-version":[{"id":9162,"href":"https:\/\/prodelcobre.cl\/nueva\/wp-json\/wp\/v2\/posts\/9161\/revisions\/9162"}],"wp:featuredmedia":[{"embeddable":true,"href":"https:\/\/prodelcobre.cl\/nueva\/wp-json\/wp\/v2\/media\/7269"}],"wp:attachment":[{"href":"https:\/\/prodelcobre.cl\/nueva\/wp-json\/wp\/v2\/media?parent=9161"}],"wp:term":[{"taxonomy":"category","embeddable":true,"href":"https:\/\/prodelcobre.cl\/nueva\/wp-json\/wp\/v2\/categories?post=9161"},{"taxonomy":"post_tag","embeddable":true,"href":"https:\/\/prodelcobre.cl\/nueva\/wp-json\/wp\/v2\/tags?post=9161"}],"curies":[{"name":"wp","href":"https:\/\/api.w.org\/{rel}","templated":true}]}}